{"id":181142,"date":"2020-07-29T11:18:00","date_gmt":"2020-07-29T14:18:00","guid":{"rendered":"https:\/\/www.caririemacao.com\/1\/?p=181142"},"modified":"2020-07-29T11:18:00","modified_gmt":"2020-07-29T14:18:00","slug":"uepb-divulga-resultado-de-auxilio-para-alunos-sem-acesso-a-internet-e-equipamentos-eletronicos","status":"publish","type":"post","link":"https:\/\/www.caririemacao.com\/1\/2020\/07\/29\/uepb-divulga-resultado-de-auxilio-para-alunos-sem-acesso-a-internet-e-equipamentos-eletronicos\/","title":{"rendered":"UEPB divulga resultado de aux\u00edlio para alunos sem acesso \u00e0 internet e equipamentos eletr\u00f4nicos"},"content":{"rendered":"\n<p>A Pr\u00f3-reitoria Estudantil (PROEST) da Universidade Estadual da Para\u00edba (UEPB) divulgou, na ter\u00e7a-feira (28), os\u00a0resultado\u00a0da sele\u00e7\u00e3o do \u201cAux\u00edlio Conectividade\u201d, ofertado pela institui\u00e7\u00e3o para estudantes matriculados em disciplinas ou atividades acad\u00eamicas que est\u00e3o sendo realizadas de forma remota, devido \u00e0 pandemia de Covid-19.<\/p>\n\n\n\n<p>O Aux\u00edlio Conectividade est\u00e1 sendo disponibilizado nas modalidades \u201cAcesso \u00e0 internet em car\u00e1ter emergencial\u201d, que disponibiliza bolsa mensal no valor de R$ 100 para aquisi\u00e7\u00e3o de servi\u00e7o de internet enquanto durar as atividades regulamentadas, e \u201cAquisi\u00e7\u00e3o de equipamentos\u201d, que concede bolsa em cota \u00fanica, no valor de R$ 1 mil, para aquisi\u00e7\u00e3o de equipamentos adequados ao acompanhamento das aulas remotas.<\/p>\n\n\n\n<p>Segundo a universidade, houve um remanejamento de vagas por terem sobrado vagas na Modalidade I e ter sido registrado mais inscritos do que as vagas ofertadas na Modalidade II. A Administra\u00e7\u00e3o Central da UEPB publicou uma\u00a0resolu\u00e7\u00e3o\u00a0que remaneja as vagas remanescentes do Aux\u00edlio Conectividade \u2013 Acesso \u00e0 Internet em Car\u00e1ter Emergencial (Modalidade I) para o Aux\u00edlio Conectividade \u2013 Aquisi\u00e7\u00e3o de Equipamentos (Modalidade II).<\/p>\n\n\n\n<p>Conforme o edital, o estudante classificado para o aux\u00edlio na Modalidade II ter\u00e1 que apresentar \u00e0 Pr\u00f3-Reitoria Estudantil a nota fiscal da compra do equipamento no prazo de at\u00e9 30 dias, juntamente com um Termo de Compromisso de Responsabilidade sobre o bem adquirido, atrav\u00e9s do e-mail proest@uepb.edu.br. O Termo de Compromisso de Responsabilidade ser\u00e1 disponibilizado pela PROEST nos pr\u00f3ximos dias, no&nbsp;<a href=\"http:\/\/proreitorias.uepb.edu.br\/proest\/selecoes\/\" target=\"_blank\" rel=\"noreferrer noopener\">site<\/a>.<\/p>\n\n\n\n<p>Os estudantes classificados para o aux\u00edlio na Modalidade I, receber\u00e3o o benef\u00edcio mensal enquanto durar a suspens\u00e3o das atividades acad\u00eamicas presenciais e a manuten\u00e7\u00e3o de atividades n\u00e3o presenciais, desde que permane\u00e7a participando das atividades n\u00e3o presenciais regularmente. A PROEST verificar\u00e1 junto aos \u00f3rg\u00e3os competentes se o estudante bolsista tem participado das atividades n\u00e3o presenciais, sob pena de cancelamento do benef\u00edcio.<\/p>\n\n\n\n<p>com g1<\/p>\n","protected":false},"excerpt":{"rendered":"<p>A Pr\u00f3-reitoria Estudantil (PROEST) da Universidade Estadual da Para\u00edba (UEPB) divulgou, na ter\u00e7a-feira (28), os\u00a0resultado\u00a0da sele\u00e7\u00e3o do \u201cAux\u00edlio Conectividade\u201d, ofertado pela institui\u00e7\u00e3o para estudantes matriculados&hellip; <\/p>\n","protected":false},"author":1,"featured_media":181161,"comment_status":"closed","ping_status":"closed","sticky":false,"template":"","format":"standard","meta":{"sfsi_plus_gutenberg_text_before_share":"","sfsi_plus_gutenberg_show_text_before_share":"","sfsi_plus_gutenberg_icon_type":"","sfsi_plus_gutenberg_icon_alignemt":"","sfsi_plus_gutenburg_max_per_row":"","footnotes":""},"categories":[50,14],"tags":[],"class_list":["post-181142","post","type-post","status-publish","format-standard","has-post-thumbnail","hentry","category-destaque","category-educacao"],"_links":{"self":[{"href":"https:\/\/www.caririemacao.com\/1\/wp-json\/wp\/v2\/posts\/181142","targetHints":{"allow":["GET"]}}],"collection":[{"href":"https:\/\/www.caririemacao.com\/1\/wp-json\/wp\/v2\/posts"}],"about":[{"href":"https:\/\/www.caririemacao.com\/1\/wp-json\/wp\/v2\/types\/post"}],"author":[{"embeddable":true,"href":"https:\/\/www.caririemacao.com\/1\/wp-json\/wp\/v2\/users\/1"}],"replies":[{"embeddable":true,"href":"https:\/\/www.caririemacao.com\/1\/wp-json\/wp\/v2\/comments?post=181142"}],"version-history":[{"count":1,"href":"https:\/\/www.caririemacao.com\/1\/wp-json\/wp\/v2\/posts\/181142\/revisions"}],"predecessor-version":[{"id":181162,"href":"https:\/\/www.caririemacao.com\/1\/wp-json\/wp\/v2\/posts\/181142\/revisions\/181162"}],"wp:featuredmedia":[{"embeddable":true,"href":"https:\/\/www.caririemacao.com\/1\/wp-json\/wp\/v2\/media\/181161"}],"wp:attachment":[{"href":"https:\/\/www.caririemacao.com\/1\/wp-json\/wp\/v2\/media?parent=181142"}],"wp:term":[{"taxonomy":"category","embeddable":true,"href":"https:\/\/www.caririemacao.com\/1\/wp-json\/wp\/v2\/categories?post=181142"},{"taxonomy":"post_tag","embeddable":true,"href":"https:\/\/www.caririemacao.com\/1\/wp-json\/wp\/v2\/tags?post=181142"}],"curies":[{"name":"wp","href":"https:\/\/api.w.org\/{rel}","templated":true}]}}