{"id":181163,"date":"2020-07-29T11:39:23","date_gmt":"2020-07-29T14:39:23","guid":{"rendered":"https:\/\/www.caririemacao.com\/1\/?p=181163"},"modified":"2020-07-29T11:39:23","modified_gmt":"2020-07-29T14:39:23","slug":"medicos-relatam-superlotacao-e-falta-de-profissionais-em-maternidade-de-campina-grande","status":"publish","type":"post","link":"https:\/\/www.caririemacao.com\/1\/2020\/07\/29\/medicos-relatam-superlotacao-e-falta-de-profissionais-em-maternidade-de-campina-grande\/","title":{"rendered":"M\u00e9dicos relatam superlota\u00e7\u00e3o e falta de profissionais em maternidade de Campina Grande"},"content":{"rendered":"\n<p>Os m\u00e9dicos do Instituto de Sa\u00fade Elp\u00eddio de Almeida, em Campina Grande, relataram que h\u00e1 superlota\u00e7\u00e3o na Unidade de Terapia Intensiva (UTI) Neonatal e faltam profissionais para complementar a escala. O diretor do Isea, M\u00e1rio de Oliveira, informou que os problemas, como falta de profissionais, j\u00e1 existiam h\u00e1 muito tempo e j\u00e1 foram discutidos com diversas entidades.<\/p>\n\n\n\n<p>Durante a pandemia, a maternidade se tornou hospital de refer\u00eancia para o tratamento da Covid-19, e, segundo o diretor, precisou bloquear alguns leitos.<\/p>\n\n\n\n<p>A Secretaria Municipal de Sa\u00fade de Campina Grande esclareceu que a dificuldade para fechar a escala de m\u00e9dicos pediatras neonatologistas do Instituto de Sa\u00fade Elp\u00eddio de Almeida (Isea) &#8220;se deve pela escassez destes profissionais no mercado de trabalho. Al\u00e9m disso, com a pandemia do novo coronav\u00edrus, m\u00e9dicos dos grupos de risco para a Covid-19 que atuavam na maternidade foram afastados das suas atividades, de forma preventiva, conforme determinam os protocolos do Minist\u00e9rio da Sa\u00fade e da Organiza\u00e7\u00e3o Mundial de Sa\u00fade&#8221;, disse em nota.<\/p>\n\n\n\n<p>Lembrou, ainda, que antes do in\u00edcio da pandemia, a Secretaria de Sa\u00fade publicou um chamamento p\u00fablico para contrata\u00e7\u00e3o imediata de profissionais m\u00e9dicos para a rede municipal de urg\u00eancia e emerg\u00eancia. Segundo a Secretaria, o processo continua em vigor e qualquer profissional poder\u00e1 procurar o setor de Recursos Humanos na Secretaria de Sa\u00fade, no bairro da Liberdade, das 7h \u00e0s 13h, para realizar o credenciamento no chamamento p\u00fablico.<\/p>\n\n\n\n<p>De acordo com Tereza Raquel de Brito, coordenadora da UTI neonatal do Isea, h\u00e1, de fato, profissionais afastados por terem testado positivo ou por ser grupo de risco. Al\u00e9m disso, a maternidade j\u00e1 perdeu uma pediatra,<a href=\"https:\/\/g1.globo.com\/pb\/paraiba\/noticia\/2020\/07\/23\/medica-ana-lucia-cantalice-morre-em-joao-pessoa.ghtml\">&nbsp;a m\u00e9dica Ana L\u00facia Cantalice<\/a>, por complica\u00e7\u00f5es do coronav\u00edrus.<\/p>\n\n\n\n<p>Com essas aus\u00eancias, a maternidade tem tido dificuldades pra fechar a escala e atender os pacientes.<\/p>\n\n\n\n<p>&#8220;Esse problema da escala da pediatria \u00e9 um problema antigo, h\u00e1 v\u00e1rios anos a gente vem denunciando a falta de pediatras para fechar escala. Ano passado a gente teve uma reuni\u00e3o com o Minist\u00e9rio P\u00fablico e a Secretaria de Sa\u00fade onde foi assinado um Termo de Ajustamento de Conduta (Tac) se comprometendo a dia 30 de outubro (de 2019) estar fazendo o chamamento dos concursados e n\u00e3o foi cumprido esse acordo. Ent\u00e3o, se antes da pandemia a gente n\u00e3o conseguia fechar uma escala agora com a pandemia a situa\u00e7\u00e3o piorou muito&#8221;, contou Tereza.<\/p>\n\n\n\n<p>Segundo a m\u00e9dica, h\u00e1 tamb\u00e9m profissionais idosos que est\u00e3o tendo que trabalhar para n\u00e3o comprometer a situa\u00e7\u00e3o da maternidade.<\/p>\n\n\n\n<p>Fora a quantidade de profissionais, Tereza tamb\u00e9m informou que a UTI com capacidade para 10 leitos est\u00e1 com 17, apresentando uma superlota\u00e7\u00e3o, por isso a equipe de obstetr\u00edcia tem atrasado alguns partos.<\/p>\n\n\n\n<p>&#8220;N\u00e3o tem como a obstetr\u00edcia realizar um parto com um pr\u00e9-maturo que vai precisar de UTI se a gente n\u00e3o tem onde colocar o rec\u00e9m-nascido porque se fizer o parto ele vai morrer fora da barriga da m\u00e3e porque n\u00e3o vai ter leito para essa crian\u00e7a. Ent\u00e3o com certeza isso dificulta tamb\u00e9m o parto, a agilidade da obstetr\u00edcia&#8221;, disse.<\/p>\n\n\n\n<p>A Secretaria Municipal de Sa\u00fade de Campina Grande informou que por conta da pandemia, a maternidade precisou passar por reformula\u00e7\u00f5es na estrutura para atender gestantes com suspeita ou com diagn\u00f3stico confirmado de Covid-19 de Campina Grande de outros 69 munic\u00edpios. Dos 140 leitos regulares, a secret\u00e1ria disse que 34 foram isolados para casos de gestantes e beb\u00eas com suspeita do novo coronav\u00edrus e a ala semi-intensiva para Covid-19 da unidade dever\u00e1 ser ampliada de oito para 15 leitos.<\/p>\n\n\n\n<p>com g1<\/p>\n","protected":false},"excerpt":{"rendered":"<p>Os m\u00e9dicos do Instituto de Sa\u00fade Elp\u00eddio de Almeida, em Campina Grande, relataram que h\u00e1 superlota\u00e7\u00e3o na Unidade de Terapia Intensiva (UTI) Neonatal e faltam&hellip; <\/p>\n","protected":false},"author":1,"featured_media":181168,"comment_status":"closed","ping_status":"closed","sticky":false,"template":"","format":"standard","meta":{"sfsi_plus_gutenberg_text_before_share":"","sfsi_plus_gutenberg_show_text_before_share":"","sfsi_plus_gutenberg_icon_type":"","sfsi_plus_gutenberg_icon_alignemt":"","sfsi_plus_gutenburg_max_per_row":"","footnotes":""},"categories":[16],"tags":[],"class_list":["post-181163","post","type-post","status-publish","format-standard","has-post-thumbnail","hentry","category-saude"],"_links":{"self":[{"href":"https:\/\/www.caririemacao.com\/1\/wp-json\/wp\/v2\/posts\/181163","targetHints":{"allow":["GET"]}}],"collection":[{"href":"https:\/\/www.caririemacao.com\/1\/wp-json\/wp\/v2\/posts"}],"about":[{"href":"https:\/\/www.caririemacao.com\/1\/wp-json\/wp\/v2\/types\/post"}],"author":[{"embeddable":true,"href":"https:\/\/www.caririemacao.com\/1\/wp-json\/wp\/v2\/users\/1"}],"replies":[{"embeddable":true,"href":"https:\/\/www.caririemacao.com\/1\/wp-json\/wp\/v2\/comments?post=181163"}],"version-history":[{"count":1,"href":"https:\/\/www.caririemacao.com\/1\/wp-json\/wp\/v2\/posts\/181163\/revisions"}],"predecessor-version":[{"id":181169,"href":"https:\/\/www.caririemacao.com\/1\/wp-json\/wp\/v2\/posts\/181163\/revisions\/181169"}],"wp:featuredmedia":[{"embeddable":true,"href":"https:\/\/www.caririemacao.com\/1\/wp-json\/wp\/v2\/media\/181168"}],"wp:attachment":[{"href":"https:\/\/www.caririemacao.com\/1\/wp-json\/wp\/v2\/media?parent=181163"}],"wp:term":[{"taxonomy":"category","embeddable":true,"href":"https:\/\/www.caririemacao.com\/1\/wp-json\/wp\/v2\/categories?post=181163"},{"taxonomy":"post_tag","embeddable":true,"href":"https:\/\/www.caririemacao.com\/1\/wp-json\/wp\/v2\/tags?post=181163"}],"curies":[{"name":"wp","href":"https:\/\/api.w.org\/{rel}","templated":true}]}}