{"id":181170,"date":"2020-07-29T12:12:36","date_gmt":"2020-07-29T15:12:36","guid":{"rendered":"https:\/\/www.caririemacao.com\/1\/?p=181170"},"modified":"2020-07-29T12:12:36","modified_gmt":"2020-07-29T15:12:36","slug":"prefeitura-de-sume-paga-salarios-dos-servidores-do-mes-de-julho","status":"publish","type":"post","link":"https:\/\/www.caririemacao.com\/1\/2020\/07\/29\/prefeitura-de-sume-paga-salarios-dos-servidores-do-mes-de-julho\/","title":{"rendered":"Prefeitura de Sum\u00e9 paga sal\u00e1rios dos servidores do m\u00eas de julho"},"content":{"rendered":"\n<p>A Prefeitura de Sum\u00e9 iniciou na \u00faltima sexta-feira (24), o pagamento dos servidores municipais, nesta data receberam alguns setores da Assist\u00eancia Social e Sa\u00fade.<\/p>\n\n\n\n<p>Na segunda-feira (27) foram pagos os servidores da sede da Prefeitura e as Secretarias de Obras, Agricultura e parte da Assist\u00eancia Social.<\/p>\n\n\n\n<p>O pagamento ser\u00e1 conclu\u00eddo na sexta-feira&nbsp; (31), totalizando uma inje\u00e7\u00e3o de mais de R$ 570 mil reais na economia do munic\u00edpio.<\/p>\n\n\n\n<p>Essa \u00e9 a 43\u00ba folha paga dentro do m\u00eas trabalhado pelo prefeito \u00c9den Duarte, demostrando seu compromisso com os servidores e responsabilidade com os recursos p\u00fablicos.<\/p>\n\n\n\n<p>Ascom\/PMS<\/p>\n","protected":false},"excerpt":{"rendered":"<p>A Prefeitura de Sum\u00e9 iniciou na \u00faltima sexta-feira (24), o pagamento dos servidores municipais, nesta data receberam alguns setores da Assist\u00eancia Social e Sa\u00fade. Na&hellip; <\/p>\n","protected":false},"author":1,"featured_media":181175,"comment_status":"closed","ping_status":"closed","sticky":false,"template":"","format":"standard","meta":{"sfsi_plus_gutenberg_text_before_share":"","sfsi_plus_gutenberg_show_text_before_share":"","sfsi_plus_gutenberg_icon_type":"","sfsi_plus_gutenberg_icon_alignemt":"","sfsi_plus_gutenburg_max_per_row":"","footnotes":""},"categories":[6],"tags":[],"class_list":["post-181170","post","type-post","status-publish","format-standard","has-post-thumbnail","hentry","category-cidades"],"_links":{"self":[{"href":"https:\/\/www.caririemacao.com\/1\/wp-json\/wp\/v2\/posts\/181170","targetHints":{"allow":["GET"]}}],"collection":[{"href":"https:\/\/www.caririemacao.com\/1\/wp-json\/wp\/v2\/posts"}],"about":[{"href":"https:\/\/www.caririemacao.com\/1\/wp-json\/wp\/v2\/types\/post"}],"author":[{"embeddable":true,"href":"https:\/\/www.caririemacao.com\/1\/wp-json\/wp\/v2\/users\/1"}],"replies":[{"embeddable":true,"href":"https:\/\/www.caririemacao.com\/1\/wp-json\/wp\/v2\/comments?post=181170"}],"version-history":[{"count":1,"href":"https:\/\/www.caririemacao.com\/1\/wp-json\/wp\/v2\/posts\/181170\/revisions"}],"predecessor-version":[{"id":181176,"href":"https:\/\/www.caririemacao.com\/1\/wp-json\/wp\/v2\/posts\/181170\/revisions\/181176"}],"wp:featuredmedia":[{"embeddable":true,"href":"https:\/\/www.caririemacao.com\/1\/wp-json\/wp\/v2\/media\/181175"}],"wp:attachment":[{"href":"https:\/\/www.caririemacao.com\/1\/wp-json\/wp\/v2\/media?parent=181170"}],"wp:term":[{"taxonomy":"category","embeddable":true,"href":"https:\/\/www.caririemacao.com\/1\/wp-json\/wp\/v2\/categories?post=181170"},{"taxonomy":"post_tag","embeddable":true,"href":"https:\/\/www.caririemacao.com\/1\/wp-json\/wp\/v2\/tags?post=181170"}],"curies":[{"name":"wp","href":"https:\/\/api.w.org\/{rel}","templated":true}]}}