{"id":181172,"date":"2020-07-29T12:10:27","date_gmt":"2020-07-29T15:10:27","guid":{"rendered":"https:\/\/www.caririemacao.com\/1\/?p=181172"},"modified":"2020-07-29T12:10:27","modified_gmt":"2020-07-29T15:10:27","slug":"prefeitura-celebra-convenio-com-governo-do-estado-para-o-hospital-de-sume","status":"publish","type":"post","link":"https:\/\/www.caririemacao.com\/1\/2020\/07\/29\/prefeitura-celebra-convenio-com-governo-do-estado-para-o-hospital-de-sume\/","title":{"rendered":"Prefeitura celebra conv\u00eanio com Governo do Estado para o Hospital de Sum\u00e9"},"content":{"rendered":"\n<p>O prefeito \u00c9den Duarte assinou nessa ter\u00e7a-feira, 28, conv\u00eanio com o Governo do Estado da Para\u00edba, por meio da Secretaria Estadual de Sa\u00fade, no valor de R$ 2.024.012,64 (dois milh\u00f5es, vinte e quatro mil, doze reais e sessenta e quatro centavos) para manuten\u00e7\u00e3o do hospital de Sum\u00e9. O conv\u00eanio tem a contrapartida da prefeitura no valor de R$ 60.720,38 (sessenta mil, setecentos e vinte reais e trinta e oito centavos).<\/p>\n\n\n\n<p>A celebra\u00e7\u00e3o do conv\u00eanio contou com a presen\u00e7a do deputado estadual Branco Mendes, que vinha lutando junto com o prefeito \u00c9den pela celebra\u00e7\u00e3o do acordo. Tamb\u00e9m acompanhou o momento da assinatura, o secret\u00e1rio de Administra\u00e7\u00e3o do munic\u00edpio, Bon\u00edlson Tim\u00f3teo.<\/p>\n\n\n\n<p>Os recursos s\u00e3o destinados para aquisi\u00e7\u00e3o de medicamentos, materiais m\u00e9dicos hospitalares, alimentos, material de limpeza e outros itens para custeio do Hospital e Maternidade Alice de Almeida \u2013 HMAA.<\/p>\n\n\n\n<div class=\"wp-block-image\"><figure class=\"aligncenter is-resized\"><a href=\"https:\/\/www.sume.pb.gov.br\/wp-content\/uploads\/2020\/07\/6d854102-a193-457e-b111-209637102715.jpg\"><img fetchpriority=\"high\" decoding=\"async\" src=\"https:\/\/www.sume.pb.gov.br\/wp-content\/uploads\/2020\/07\/6d854102-a193-457e-b111-209637102715-225x300.jpg\" alt=\"\" class=\"wp-image-10739\" width=\"225\" height=\"300\"\/><\/a><\/figure><\/div>\n\n\n\n<p>Ascom<\/p>\n","protected":false},"excerpt":{"rendered":"<p>O prefeito \u00c9den Duarte assinou nessa ter\u00e7a-feira, 28, conv\u00eanio com o Governo do Estado da Para\u00edba, por meio da Secretaria Estadual de Sa\u00fade, no valor&hellip; <\/p>\n","protected":false},"author":1,"featured_media":181173,"comment_status":"closed","ping_status":"closed","sticky":false,"template":"","format":"standard","meta":{"sfsi_plus_gutenberg_text_before_share":"","sfsi_plus_gutenberg_show_text_before_share":"","sfsi_plus_gutenberg_icon_type":"","sfsi_plus_gutenberg_icon_alignemt":"","sfsi_plus_gutenburg_max_per_row":"","footnotes":""},"categories":[6,50],"tags":[],"class_list":["post-181172","post","type-post","status-publish","format-standard","has-post-thumbnail","hentry","category-cidades","category-destaque"],"_links":{"self":[{"href":"https:\/\/www.caririemacao.com\/1\/wp-json\/wp\/v2\/posts\/181172","targetHints":{"allow":["GET"]}}],"collection":[{"href":"https:\/\/www.caririemacao.com\/1\/wp-json\/wp\/v2\/posts"}],"about":[{"href":"https:\/\/www.caririemacao.com\/1\/wp-json\/wp\/v2\/types\/post"}],"author":[{"embeddable":true,"href":"https:\/\/www.caririemacao.com\/1\/wp-json\/wp\/v2\/users\/1"}],"replies":[{"embeddable":true,"href":"https:\/\/www.caririemacao.com\/1\/wp-json\/wp\/v2\/comments?post=181172"}],"version-history":[{"count":1,"href":"https:\/\/www.caririemacao.com\/1\/wp-json\/wp\/v2\/posts\/181172\/revisions"}],"predecessor-version":[{"id":181174,"href":"https:\/\/www.caririemacao.com\/1\/wp-json\/wp\/v2\/posts\/181172\/revisions\/181174"}],"wp:featuredmedia":[{"embeddable":true,"href":"https:\/\/www.caririemacao.com\/1\/wp-json\/wp\/v2\/media\/181173"}],"wp:attachment":[{"href":"https:\/\/www.caririemacao.com\/1\/wp-json\/wp\/v2\/media?parent=181172"}],"wp:term":[{"taxonomy":"category","embeddable":true,"href":"https:\/\/www.caririemacao.com\/1\/wp-json\/wp\/v2\/categories?post=181172"},{"taxonomy":"post_tag","embeddable":true,"href":"https:\/\/www.caririemacao.com\/1\/wp-json\/wp\/v2\/tags?post=181172"}],"curies":[{"name":"wp","href":"https:\/\/api.w.org\/{rel}","templated":true}]}}