{"id":181177,"date":"2020-07-29T15:05:20","date_gmt":"2020-07-29T18:05:20","guid":{"rendered":"https:\/\/www.caririemacao.com\/1\/?p=181177"},"modified":"2020-07-29T15:05:20","modified_gmt":"2020-07-29T18:05:20","slug":"morre-quinto-integrante-de-familia-em-que-12-testaram-positivo-para-covid-19-no-rs","status":"publish","type":"post","link":"https:\/\/www.caririemacao.com\/1\/2020\/07\/29\/morre-quinto-integrante-de-familia-em-que-12-testaram-positivo-para-covid-19-no-rs\/","title":{"rendered":"Morre quinto integrante de fam\u00edlia em que 12 testaram positivo para Covid-19 no RS"},"content":{"rendered":"\n<p>Morreu na madrugada desta quarta-feira (29), o\u00a0<strong>quinto integrante\u00a0<\/strong>de uma\u00a0fam\u00edlia da Serra do Rio Grande do Sul, em que 12 pessoas testaram positivo\u00a0para\u00a0<a href=\"https:\/\/g1.globo.com\/bemestar\/coronavirus\/\">Covid-19<\/a>. Francisco Padilha, de 59 anos, j\u00e1 havia perdido os pais e dois irm\u00e3os por causa da doen\u00e7a.<\/p>\n\n\n\n<p>A informa\u00e7\u00e3o damorte foi confirmada pela Secretaria Municipal de Sa\u00fade de Gramado.<\/p>\n\n\n\n<p>O\u00a0irm\u00e3o, de 64 anos, que n\u00e3o teve o nome divulgado pela fam\u00edlia, morreu na semana passada. Os pais deles,\u00a0Solon Gon\u00e7alves Padilha, de 88 anos, e Leonor Alano Padilha, de 84, e outro irm\u00e3o, Odilon Alano Padilha, de 58 anos, morreram em um intervalo de tr\u00eas dias, ainda no in\u00edcio deste m\u00eas.<\/p>\n\n\n\n<p>Francisco, que foi presidente do Sindicato do Setor de Hot\u00e9is e de Empreendimentos Gastron\u00f4micos da Regi\u00e3o das Hort\u00eansias entre 2010 e 2013, estava internado na Unidade de Terapia Intensiva (UTI) de um hospital em Gramado desde o dia 15 de julho. Em nota, o sindicato se solidarizou com a fam\u00edlia (<em>veja abaixo<\/em>).<\/p>\n\n\n\n<h2 class=\"wp-block-heading\">12 testaram positivo<\/h2>\n\n\n\n<p>Segundo a psic\u00f3loga Aline Padilha, neta do casal Solon e Leonor, 12 pessoas da fam\u00edlia testaram positivo para a doen\u00e7a. &#8220;Alguns j\u00e1 tiveram e n\u00e3o t\u00eam mais transmiss\u00e3o. Outros foram hospitalizados, mas receberam alta&#8221;, afirma.<\/p>\n\n\n\n<p>A fam\u00edlia realizava um revezamento desde o in\u00edcio da pandemia para o cuidado com os idosos, que moravam em uma propriedade rural a cerca de 50 km do centro de S\u00e3o Jos\u00e9 dos Ausentes.<\/p>\n\n\n\n<p>&#8220;Todo &#8216;finde&#8217; era um filho respons\u00e1vel por vir, para fazer a lida de campo, do gado&#8221;, diz Aline.<\/p>\n\n\n\n<p>Aline ressalta que a fam\u00edlia n\u00e3o realizou nenhuma reuni\u00e3o recentemente.<\/p>\n\n\n\n<p>&#8220;Muitas pessoas est\u00e3o falando que todos se reuniram no anivers\u00e1rio do meu av\u00f4, mas isso n\u00e3o \u00e9 verdade. A \u00faltima ocasi\u00e3o em que eles estiveram juntos, apenas com os filhos, foi no Dia das M\u00e3es&#8221;, garante.<\/p>\n\n\n\n<figure class=\"wp-block-image\"><img decoding=\"async\" data-src=\"https:\/\/s02.video.glbimg.com\/x240\/8720653.jpg\" alt=\"Morre quarto integrante de fam\u00edlia que testou positivo para Covid-19 na Serra do RS\" title=\"Morre quarto integrante de fam\u00edlia que testou positivo para Covid-19 na Serra do RS\" src=\"data:image\/svg+xml;base64,PHN2ZyB3aWR0aD0iMSIgaGVpZ2h0PSIxIiB4bWxucz0iaHR0cDovL3d3dy53My5vcmcvMjAwMC9zdmciPjwvc3ZnPg==\" class=\"lazyload\" \/><\/figure>\n\n\n\n<p>Morre quarto integrante de fam\u00edlia que testou positivo para Covid-19 na Serra do RS<\/p>\n\n\n\n<p>COM G1<\/p>\n","protected":false},"excerpt":{"rendered":"<p>Morreu na madrugada desta quarta-feira (29), o\u00a0quinto integrante\u00a0de uma\u00a0fam\u00edlia da Serra do Rio Grande do Sul, em que 12 pessoas testaram positivo\u00a0para\u00a0Covid-19. Francisco Padilha, de&hellip; <\/p>\n","protected":false},"author":1,"featured_media":181225,"comment_status":"closed","ping_status":"closed","sticky":false,"template":"","format":"standard","meta":{"sfsi_plus_gutenberg_text_before_share":"","sfsi_plus_gutenberg_show_text_before_share":"","sfsi_plus_gutenberg_icon_type":"","sfsi_plus_gutenberg_icon_alignemt":"","sfsi_plus_gutenburg_max_per_row":"","footnotes":""},"categories":[6,2],"tags":[],"class_list":["post-181177","post","type-post","status-publish","format-standard","has-post-thumbnail","hentry","category-cidades","category-geral"],"_links":{"self":[{"href":"https:\/\/www.caririemacao.com\/1\/wp-json\/wp\/v2\/posts\/181177","targetHints":{"allow":["GET"]}}],"collection":[{"href":"https:\/\/www.caririemacao.com\/1\/wp-json\/wp\/v2\/posts"}],"about":[{"href":"https:\/\/www.caririemacao.com\/1\/wp-json\/wp\/v2\/types\/post"}],"author":[{"embeddable":true,"href":"https:\/\/www.caririemacao.com\/1\/wp-json\/wp\/v2\/users\/1"}],"replies":[{"embeddable":true,"href":"https:\/\/www.caririemacao.com\/1\/wp-json\/wp\/v2\/comments?post=181177"}],"version-history":[{"count":1,"href":"https:\/\/www.caririemacao.com\/1\/wp-json\/wp\/v2\/posts\/181177\/revisions"}],"predecessor-version":[{"id":181226,"href":"https:\/\/www.caririemacao.com\/1\/wp-json\/wp\/v2\/posts\/181177\/revisions\/181226"}],"wp:featuredmedia":[{"embeddable":true,"href":"https:\/\/www.caririemacao.com\/1\/wp-json\/wp\/v2\/media\/181225"}],"wp:attachment":[{"href":"https:\/\/www.caririemacao.com\/1\/wp-json\/wp\/v2\/media?parent=181177"}],"wp:term":[{"taxonomy":"category","embeddable":true,"href":"https:\/\/www.caririemacao.com\/1\/wp-json\/wp\/v2\/categories?post=181177"},{"taxonomy":"post_tag","embeddable":true,"href":"https:\/\/www.caririemacao.com\/1\/wp-json\/wp\/v2\/tags?post=181177"}],"curies":[{"name":"wp","href":"https:\/\/api.w.org\/{rel}","templated":true}]}}