{"id":181183,"date":"2020-07-29T13:24:14","date_gmt":"2020-07-29T16:24:14","guid":{"rendered":"https:\/\/www.caririemacao.com\/1\/?p=181183"},"modified":"2020-07-29T13:25:33","modified_gmt":"2020-07-29T16:25:33","slug":"brasil-completa-3-meses-com-transmissao-acelerada-de-coronavirus-mostram-calculos","status":"publish","type":"post","link":"https:\/\/www.caririemacao.com\/1\/2020\/07\/29\/brasil-completa-3-meses-com-transmissao-acelerada-de-coronavirus-mostram-calculos\/","title":{"rendered":"Brasil completa 3 meses com transmiss\u00e3o acelerada de coronav\u00edrus, mostram c\u00e1lculos"},"content":{"rendered":"\n<h1 class=\"wp-block-heading\"><\/h1>\n\n\n\n<p>Desde a semana de 27 de abril, o pa\u00eds tem taxa de cont\u00e1gio acima de 1, o que significa que a transmiss\u00e3o est\u00e1 se acelerando. Na semana que come\u00e7ou neste domingo (26), o \u00edndice, tamb\u00e9m chamado de Rt, subiu de 1,01 para 1,08. Isso quer dizer que cada 100 infectados por coronav\u00edrus no Brasil contaminam outros 108, que por sua vez infectam mais 116,6 e assim sucessivamente, ampliando o alcance da doen\u00e7a.<\/p>\n\n\n\n<p>Dos 25 pa\u00edses que apresentavam transmiss\u00e3o sem controle no come\u00e7o de maio, 13 controlaram o cont\u00e1gio. Na Am\u00e9rica do Sul, est\u00e3o nesse grupo o Chile, que reduziu o Rt para 0,91, e o Equador, que est\u00e1 com 0,9. Nesses dois pa\u00edses, cada 100 habitantes infectam outros 90, que passam o coronav\u00edrus para 81, depois 73, desacelerando a expans\u00e3o da doen\u00e7a.<\/p>\n\n\n\n<p>Al\u00e9m do Brasil, Argentina (1,42), Col\u00f4mbia (1,26) e Peru (1,04) apresentam transmiss\u00e3o acelerada nos \u00faltimos quatro meses. Bol\u00edvia e Venezuela t\u00eam Rt de 1,16, mas est\u00e3o h\u00e1 menos tempo sem conseguir controlar o cont\u00e1gio: na \u00faltima semana, apresentavam \u00edndices de 0,9 e 1, respectivamente.<\/p>\n\n\n\n<p>Especialistas em epidemias t\u00eam ressaltado que, como o Brasil \u00e9 grande e diversificado, a velocidade da transmiss\u00e3o pode variar bastante de acordo com a regi\u00e3o, como mostra o acompanhamento dos casos feito pela Folha: nesta quarta (29), eram 12 estados com cont\u00e1gio acelerado, 12 em transmiss\u00e3o est\u00e1vel, 2 desacelerados e 1 reduzido.<\/p>\n\n\n\n<p>H\u00e1 duas semanas, a OMS afirmou que o Rt brasileiro varia, geograficamente, de 0,5 a 1,5.<\/p>\n","protected":false},"excerpt":{"rendered":"<p>Desde a semana de 27 de abril, o pa\u00eds tem taxa de cont\u00e1gio acima de 1, o que significa que a transmiss\u00e3o est\u00e1 se acelerando.&hellip; <\/p>\n","protected":false},"author":2,"featured_media":181014,"comment_status":"closed","ping_status":"closed","sticky":false,"template":"","format":"standard","meta":{"sfsi_plus_gutenberg_text_before_share":"","sfsi_plus_gutenberg_show_text_before_share":"","sfsi_plus_gutenberg_icon_type":"","sfsi_plus_gutenberg_icon_alignemt":"","sfsi_plus_gutenburg_max_per_row":"","footnotes":""},"categories":[16],"tags":[],"class_list":["post-181183","post","type-post","status-publish","format-standard","has-post-thumbnail","hentry","category-saude"],"_links":{"self":[{"href":"https:\/\/www.caririemacao.com\/1\/wp-json\/wp\/v2\/posts\/181183","targetHints":{"allow":["GET"]}}],"collection":[{"href":"https:\/\/www.caririemacao.com\/1\/wp-json\/wp\/v2\/posts"}],"about":[{"href":"https:\/\/www.caririemacao.com\/1\/wp-json\/wp\/v2\/types\/post"}],"author":[{"embeddable":true,"href":"https:\/\/www.caririemacao.com\/1\/wp-json\/wp\/v2\/users\/2"}],"replies":[{"embeddable":true,"href":"https:\/\/www.caririemacao.com\/1\/wp-json\/wp\/v2\/comments?post=181183"}],"version-history":[{"count":1,"href":"https:\/\/www.caririemacao.com\/1\/wp-json\/wp\/v2\/posts\/181183\/revisions"}],"predecessor-version":[{"id":181185,"href":"https:\/\/www.caririemacao.com\/1\/wp-json\/wp\/v2\/posts\/181183\/revisions\/181185"}],"wp:featuredmedia":[{"embeddable":true,"href":"https:\/\/www.caririemacao.com\/1\/wp-json\/wp\/v2\/media\/181014"}],"wp:attachment":[{"href":"https:\/\/www.caririemacao.com\/1\/wp-json\/wp\/v2\/media?parent=181183"}],"wp:term":[{"taxonomy":"category","embeddable":true,"href":"https:\/\/www.caririemacao.com\/1\/wp-json\/wp\/v2\/categories?post=181183"},{"taxonomy":"post_tag","embeddable":true,"href":"https:\/\/www.caririemacao.com\/1\/wp-json\/wp\/v2\/tags?post=181183"}],"curies":[{"name":"wp","href":"https:\/\/api.w.org\/{rel}","templated":true}]}}