{"id":181189,"date":"2020-07-29T13:30:16","date_gmt":"2020-07-29T16:30:16","guid":{"rendered":"https:\/\/www.caririemacao.com\/1\/?p=181189"},"modified":"2020-07-29T13:30:16","modified_gmt":"2020-07-29T16:30:16","slug":"fernandinho-ana-vilela-e-erasmo-carlos-fazem-lives-nesta-quarta-confira-programacao-completa","status":"publish","type":"post","link":"https:\/\/www.caririemacao.com\/1\/2020\/07\/29\/fernandinho-ana-vilela-e-erasmo-carlos-fazem-lives-nesta-quarta-confira-programacao-completa\/","title":{"rendered":"Fernandinho, Ana Vilela e Erasmo Carlos fazem lives nesta quarta; confira programa\u00e7\u00e3o completa"},"content":{"rendered":"\n<h1 class=\"wp-block-heading\"><\/h1>\n\n\n\n<p>Seguindo as recomenda\u00e7\u00f5es das autoridades de sa\u00fade contra a pandemia do novo coronav\u00edrus (covid-19), diversos artistas vem mostrando seus trabalhos com realiza\u00e7\u00f5es de lives em redes sociais e nas mais diversas plataformas de transmiss\u00f5es de v\u00eddeos.&nbsp;<\/p>\n\n\n\n<p>O Portal ClickPB vem divulgando diariamente cada programa\u00e7\u00e3o dessas lives para ajudar o internauta durante a quarentena, e nesta quarta-feira (29), nomes como Supla e Erasmo Carlos, Fernandinho, Camila Genaro, Wanda S\u00e1,&nbsp; Z\u00e9 Renato, Ana Vilela, Jo\u00e3o Gustavo e Murilo, Iron Maiden especial com Aquiles Priester, Rico Dalasam dentre outros, realizam suas lives. Confira!<\/p>\n\n\n\n<p><strong>Programa\u00e7\u00e3o completa das lives desta quarta-feira, 29 de julho:&nbsp;<\/strong>&nbsp;&nbsp; &nbsp;<\/p>\n\n\n\n<ul class=\"wp-block-list\"><li>14:00 &#8211; Beatles Para Crian\u00e7as (Instagram)<\/li><li>14:00 &#8211; Sofi Tukker (Instagram)<\/li><li>15:00 &#8211; Big Scary Monster&#8217;s (bsmrocks.com\/)<\/li><li>16:00 &#8211; LIVE Q&amp;A with Charles Gavin, Jo\u00e3o Barone, Andreas &amp; Eloy (YouTube)<\/li><li>17:00 &#8211; Destroyer (YouTube)<\/li><li>17:00 &#8211; Camila Genaro &#8211; conta\u00e7\u00e3o de hist\u00f3rias (Instagram)<\/li><li>17:00 &#8211; Rico Dalasam (Instagram)<\/li><li>17:30 &#8211; Bahia x Confian\u00e7a (YouTube)<\/li><li>18:00 &#8211; Fernandinho Ministerio Faz Chover (YouTube)<\/li><li>19:00 &#8211; Valdir Verona, Leandro Costa e a dupla Cris Maya &amp; L\u00e9o Dias (YouTube)<\/li><li>19:00 &#8211; Wanda S\u00e1 (YouTube)<\/li><li>19:00 &#8211; Z\u00e9 Renato (Instagram)<\/li><li>19:00 &#8211; Vigilh\u00e3o Celebrai Oficial (YouTube)<\/li><li>19:50 &#8211; Anderson Nogueira e Convidados (YouTube)<\/li><li>20:00 &#8211; Ana Vilela (YouTube)<\/li><li>20:00 &#8211; Jo\u00e3o Gustavo e Murilo (YouTube)<\/li><li>20:00 &#8211; Ciranda no Meio do Mundo e Lia de Itamarac\u00e1 (Instagram)<\/li><li>20:00 &#8211; Pinha Presidente (YouTube)<\/li><li>21:00 &#8211; Dave Matthews Band (YouTube)<\/li><li>21:00 &#8211; Iron Maiden especial com Aquiles Priester (YouTube #R\u00e1dio Kiss FM Oficial)<\/li><li>21:00 &#8211; Tuyo (Beapp)<\/li><li>21:40 &#8211; Biltre (YouTube)<\/li><li>22:00 &#8211; Teresa Cristina (Instagram)<\/li><li>22:00 &#8211; Supla e Erasmo Carlos (YouTube)<\/li><\/ul>\n","protected":false},"excerpt":{"rendered":"<p>Seguindo as recomenda\u00e7\u00f5es das autoridades de sa\u00fade contra a pandemia do novo coronav\u00edrus (covid-19), diversos artistas vem mostrando seus trabalhos com realiza\u00e7\u00f5es de lives em&hellip; <\/p>\n","protected":false},"author":2,"featured_media":181190,"comment_status":"closed","ping_status":"closed","sticky":false,"template":"","format":"standard","meta":{"sfsi_plus_gutenberg_text_before_share":"","sfsi_plus_gutenberg_show_text_before_share":"","sfsi_plus_gutenberg_icon_type":"","sfsi_plus_gutenberg_icon_alignemt":"","sfsi_plus_gutenburg_max_per_row":"","footnotes":""},"categories":[50,2],"tags":[],"class_list":["post-181189","post","type-post","status-publish","format-standard","has-post-thumbnail","hentry","category-destaque","category-geral"],"_links":{"self":[{"href":"https:\/\/www.caririemacao.com\/1\/wp-json\/wp\/v2\/posts\/181189","targetHints":{"allow":["GET"]}}],"collection":[{"href":"https:\/\/www.caririemacao.com\/1\/wp-json\/wp\/v2\/posts"}],"about":[{"href":"https:\/\/www.caririemacao.com\/1\/wp-json\/wp\/v2\/types\/post"}],"author":[{"embeddable":true,"href":"https:\/\/www.caririemacao.com\/1\/wp-json\/wp\/v2\/users\/2"}],"replies":[{"embeddable":true,"href":"https:\/\/www.caririemacao.com\/1\/wp-json\/wp\/v2\/comments?post=181189"}],"version-history":[{"count":1,"href":"https:\/\/www.caririemacao.com\/1\/wp-json\/wp\/v2\/posts\/181189\/revisions"}],"predecessor-version":[{"id":181191,"href":"https:\/\/www.caririemacao.com\/1\/wp-json\/wp\/v2\/posts\/181189\/revisions\/181191"}],"wp:featuredmedia":[{"embeddable":true,"href":"https:\/\/www.caririemacao.com\/1\/wp-json\/wp\/v2\/media\/181190"}],"wp:attachment":[{"href":"https:\/\/www.caririemacao.com\/1\/wp-json\/wp\/v2\/media?parent=181189"}],"wp:term":[{"taxonomy":"category","embeddable":true,"href":"https:\/\/www.caririemacao.com\/1\/wp-json\/wp\/v2\/categories?post=181189"},{"taxonomy":"post_tag","embeddable":true,"href":"https:\/\/www.caririemacao.com\/1\/wp-json\/wp\/v2\/tags?post=181189"}],"curies":[{"name":"wp","href":"https:\/\/api.w.org\/{rel}","templated":true}]}}