{"id":181206,"date":"2020-07-29T14:00:33","date_gmt":"2020-07-29T17:00:33","guid":{"rendered":"https:\/\/www.caririemacao.com\/1\/?p=181206"},"modified":"2020-07-29T14:00:33","modified_gmt":"2020-07-29T17:00:33","slug":"deputado-paraibano-deixar-centrao-nao-significa-ruptura-com-o-governo-bolsonaro","status":"publish","type":"post","link":"https:\/\/www.caririemacao.com\/1\/2020\/07\/29\/deputado-paraibano-deixar-centrao-nao-significa-ruptura-com-o-governo-bolsonaro\/","title":{"rendered":"Deputado paraibano: deixar centr\u00e3o n\u00e3o significa ruptura com o governo Bolsonaro"},"content":{"rendered":"\n<h1 class=\"wp-block-heading\"><\/h1>\n\n\n\n<p>O deputado federal Efraim Filho falou sobre o Democratas anunciar que vai desembarcar do grupo conhecido como bloc\u00e3o, que \u00e9 composto pelos partidos PL, PP, PSD, MDB, DEM, Solidariedade, PTB, PROS e Avante.<\/p>\n\n\n\n<p>O movimento tem como objetivo enfraquecer a articula\u00e7\u00e3o do l\u00edder do PP, Arthur Lira (AL), que \u00e9 um dos principais nomes do centr\u00e3o e que se aproximou do presidente Jair Bolsonaro (sem partido).<\/p>\n\n\n\n<p>Em entrevista \u00e0 R\u00e1dio Correio FM nesta quarta-feira (29), Efraim destacou que abandonar o centr\u00e3o n\u00e3o significa uma ruptura com o governo Bolsonaro.<\/p>\n\n\n\n<p>\u2013 N\u00e3o \u00e9 uma ruptura com o governo, mas \u00e9 realmente um descolamento do centr\u00e3o no sentido de que a atua\u00e7\u00e3o em bloco estava prejudicando o exerc\u00edcio da lideran\u00e7a do Democratas. Na C\u00e2mara dos Deputados, quando faz um bloco, todos os partidos ficam vinculados \u00e0 atua\u00e7\u00e3o daquele l\u00edder do bloco. Isso deu uma confus\u00e3o recentemente na vota\u00e7\u00e3o do Fundeb \u2013 concluiu.<\/p>\n","protected":false},"excerpt":{"rendered":"<p>O deputado federal Efraim Filho falou sobre o Democratas anunciar que vai desembarcar do grupo conhecido como bloc\u00e3o, que \u00e9 composto pelos partidos PL, PP,&hellip; <\/p>\n","protected":false},"author":2,"featured_media":181207,"comment_status":"closed","ping_status":"closed","sticky":false,"template":"","format":"standard","meta":{"sfsi_plus_gutenberg_text_before_share":"","sfsi_plus_gutenberg_show_text_before_share":"","sfsi_plus_gutenberg_icon_type":"","sfsi_plus_gutenberg_icon_alignemt":"","sfsi_plus_gutenburg_max_per_row":"","footnotes":""},"categories":[50,2],"tags":[],"class_list":["post-181206","post","type-post","status-publish","format-standard","has-post-thumbnail","hentry","category-destaque","category-geral"],"_links":{"self":[{"href":"https:\/\/www.caririemacao.com\/1\/wp-json\/wp\/v2\/posts\/181206","targetHints":{"allow":["GET"]}}],"collection":[{"href":"https:\/\/www.caririemacao.com\/1\/wp-json\/wp\/v2\/posts"}],"about":[{"href":"https:\/\/www.caririemacao.com\/1\/wp-json\/wp\/v2\/types\/post"}],"author":[{"embeddable":true,"href":"https:\/\/www.caririemacao.com\/1\/wp-json\/wp\/v2\/users\/2"}],"replies":[{"embeddable":true,"href":"https:\/\/www.caririemacao.com\/1\/wp-json\/wp\/v2\/comments?post=181206"}],"version-history":[{"count":1,"href":"https:\/\/www.caririemacao.com\/1\/wp-json\/wp\/v2\/posts\/181206\/revisions"}],"predecessor-version":[{"id":181208,"href":"https:\/\/www.caririemacao.com\/1\/wp-json\/wp\/v2\/posts\/181206\/revisions\/181208"}],"wp:featuredmedia":[{"embeddable":true,"href":"https:\/\/www.caririemacao.com\/1\/wp-json\/wp\/v2\/media\/181207"}],"wp:attachment":[{"href":"https:\/\/www.caririemacao.com\/1\/wp-json\/wp\/v2\/media?parent=181206"}],"wp:term":[{"taxonomy":"category","embeddable":true,"href":"https:\/\/www.caririemacao.com\/1\/wp-json\/wp\/v2\/categories?post=181206"},{"taxonomy":"post_tag","embeddable":true,"href":"https:\/\/www.caririemacao.com\/1\/wp-json\/wp\/v2\/tags?post=181206"}],"curies":[{"name":"wp","href":"https:\/\/api.w.org\/{rel}","templated":true}]}}