{"id":181213,"date":"2020-07-29T14:38:13","date_gmt":"2020-07-29T17:38:13","guid":{"rendered":"https:\/\/www.caririemacao.com\/1\/?p=181213"},"modified":"2020-07-29T14:38:13","modified_gmt":"2020-07-29T17:38:13","slug":"sume-mundo-digital-seminario-gratuito-vai-debater-criatividade-e-inovacao-para-os-pequenos-negocios","status":"publish","type":"post","link":"https:\/\/www.caririemacao.com\/1\/2020\/07\/29\/sume-mundo-digital-seminario-gratuito-vai-debater-criatividade-e-inovacao-para-os-pequenos-negocios\/","title":{"rendered":"Sum\u00e9 Mundo Digital: semin\u00e1rio gratuito vai debater criatividade e inova\u00e7\u00e3o para os pequenos neg\u00f3cios"},"content":{"rendered":"\n<p>Debater os impactos provocados pela pandemia do coronav\u00edrus nos pequenos neg\u00f3cios e apresentar as novas tend\u00eancias do universo digital. <\/p>\n\n\n\n<p>Essa \u00e9 a proposta do semin\u00e1rio \u201cSum\u00e9 Mundo Digital\u201d, promovido pelo Sebrae Para\u00edba em parceria com a C\u00e2mara de Dirigentes Lojistas (CDL) do munic\u00edpio de Sum\u00e9, localizado no Cariri paraibano. Realizado de forma 100% online, o evento \u00e9 gratuito e tem in\u00edcio na noite desta quarta-feira (29).<\/p>\n\n\n\n<p><br>Ao todo, ser\u00e3o tr\u00eas noites de programa\u00e7\u00e3o, que se estender\u00e1 at\u00e9 a sexta-feira (31). Nesse per\u00edodo, os tr\u00eas consultores convidados debater\u00e3o com o p\u00fablico, entre outros temas, a import\u00e2ncia das ferramentas digitais, da inova\u00e7\u00e3o e da criatividade para os neg\u00f3cios, especialmente ap\u00f3s o novo cen\u00e1rio imposto pela pandemia.<\/p>\n\n\n\n<p><br>Participar\u00e3o do &#8220;Sum\u00e9 Mundo Digital&#8221; os seguintes palestrantes: Aldo Pacheco, consultor de e-commerce, que vai abordar o t\u00f3pico \u201cVendas Online: o \u2018e\u2019 do eCommerce\u201d; Vinnie de Oliveira, que atua na \u00e1rea de marketing digital e vai proferir palestra com o tema \u201cO mundo n\u00e3o gira ao contr\u00e1rio\u201d; e Rodrigo Bosshard, consultor de neg\u00f3cios, que vai falar sobre a criatividade aplicada ao dia a dia das vendas.<\/p>\n\n\n\n<p><br>De acordo com a gerente regional do Sebrae em Monteiro, Madalena Arruda, a presen\u00e7a online precisa ser uma pr\u00e1tica di\u00e1ria do empreendedor, para que os neg\u00f3cios sejam competitivos no novo mercado que surgiu a partir das dificuldades impostas pela pandemia.<\/p>\n\n\n\n<p><br>\u201cOs temas que ser\u00e3o abordados no semin\u00e1rio s\u00e3o essenciais e urgentes para os neg\u00f3cios que pretendem come\u00e7ar ou se expandir atrav\u00e9s da internet. Vender online n\u00e3o \u00e9 s\u00f3 ter um perfil em redes sociais. Para isso, \u00e9 preciso entender que existem v\u00e1rios processos, que v\u00e3o desde a necessidade de cria\u00e7\u00e3o de um site at\u00e9 a utiliza\u00e7\u00e3o de plataformas, ferramentas e comportamentos j\u00e1 existentes\u201d, ressaltou.<\/p>\n\n\n\n<p><br><em>Participe &#8211;<\/em> A programa\u00e7\u00e3o tem in\u00edcio, todos os dias, \u00e0s 19h, atrav\u00e9s de uma plataforma de videoconfer\u00eancia. As inscri\u00e7\u00f5es para os interessados em participar do semin\u00e1rio permanecem abertas e podem ser efetuadas atrav\u00e9s do endere\u00e7o https:\/\/bit.ly\/sumemundodigital.<\/p>\n","protected":false},"excerpt":{"rendered":"<p>Debater os impactos provocados pela pandemia do coronav\u00edrus nos pequenos neg\u00f3cios e apresentar as novas tend\u00eancias do universo digital. Essa \u00e9 a proposta do semin\u00e1rio&hellip; <\/p>\n","protected":false},"author":1,"featured_media":164609,"comment_status":"closed","ping_status":"closed","sticky":false,"template":"","format":"standard","meta":{"sfsi_plus_gutenberg_text_before_share":"","sfsi_plus_gutenberg_show_text_before_share":"","sfsi_plus_gutenberg_icon_type":"","sfsi_plus_gutenberg_icon_alignemt":"","sfsi_plus_gutenburg_max_per_row":"","footnotes":""},"categories":[6],"tags":[],"class_list":["post-181213","post","type-post","status-publish","format-standard","has-post-thumbnail","hentry","category-cidades"],"_links":{"self":[{"href":"https:\/\/www.caririemacao.com\/1\/wp-json\/wp\/v2\/posts\/181213","targetHints":{"allow":["GET"]}}],"collection":[{"href":"https:\/\/www.caririemacao.com\/1\/wp-json\/wp\/v2\/posts"}],"about":[{"href":"https:\/\/www.caririemacao.com\/1\/wp-json\/wp\/v2\/types\/post"}],"author":[{"embeddable":true,"href":"https:\/\/www.caririemacao.com\/1\/wp-json\/wp\/v2\/users\/1"}],"replies":[{"embeddable":true,"href":"https:\/\/www.caririemacao.com\/1\/wp-json\/wp\/v2\/comments?post=181213"}],"version-history":[{"count":1,"href":"https:\/\/www.caririemacao.com\/1\/wp-json\/wp\/v2\/posts\/181213\/revisions"}],"predecessor-version":[{"id":181214,"href":"https:\/\/www.caririemacao.com\/1\/wp-json\/wp\/v2\/posts\/181213\/revisions\/181214"}],"wp:featuredmedia":[{"embeddable":true,"href":"https:\/\/www.caririemacao.com\/1\/wp-json\/wp\/v2\/media\/164609"}],"wp:attachment":[{"href":"https:\/\/www.caririemacao.com\/1\/wp-json\/wp\/v2\/media?parent=181213"}],"wp:term":[{"taxonomy":"category","embeddable":true,"href":"https:\/\/www.caririemacao.com\/1\/wp-json\/wp\/v2\/categories?post=181213"},{"taxonomy":"post_tag","embeddable":true,"href":"https:\/\/www.caririemacao.com\/1\/wp-json\/wp\/v2\/tags?post=181213"}],"curies":[{"name":"wp","href":"https:\/\/api.w.org\/{rel}","templated":true}]}}