{"id":181215,"date":"2020-07-29T14:46:31","date_gmt":"2020-07-29T17:46:31","guid":{"rendered":"https:\/\/www.caririemacao.com\/1\/?p=181215"},"modified":"2020-07-29T14:46:31","modified_gmt":"2020-07-29T17:46:31","slug":"corinthians-ve-carencias-no-elenco-e-tenta-achar-reforcos-sem-comprometer-as-financas","status":"publish","type":"post","link":"https:\/\/www.caririemacao.com\/1\/2020\/07\/29\/corinthians-ve-carencias-no-elenco-e-tenta-achar-reforcos-sem-comprometer-as-financas\/","title":{"rendered":"Corinthians v\u00ea car\u00eancias no elenco e tenta achar refor\u00e7os sem comprometer as finan\u00e7as;"},"content":{"rendered":"\n<h3 class=\"wp-block-heading\"><\/h3>\n\n\n\n<p>As duas vit\u00f3rias na volta do futebol, sobre Palmeiras e Oeste, deram \u00e2nimo e confian\u00e7a ao Corinthians, mas tamb\u00e9m serviram para refor\u00e7ar para membros da comiss\u00e3o t\u00e9cnica e da diretoria alvinegra que o elenco necessita de refor\u00e7os.<\/p>\n\n\n\n<p>A avalia\u00e7\u00e3o interna \u00e9 de que o Corinthians tem bons jogadores, mas faltam op\u00e7\u00f5es no banco de reservas. Seria preciso mais quantidade e qualidade para enfrentar a maratona que come\u00e7ar\u00e1 no pr\u00f3ximo m\u00eas, com partidas do Brasileir\u00e3o e da Copa do Brasil.<\/p>\n\n\n\n<p>Embora atravesse dificuldades financeiras, devendo dois meses de sal\u00e1rios ao elenco, o Tim\u00e3o pensa em fazer contrata\u00e7\u00f5es para a sequ\u00eancia da temporada.<\/p>\n\n\n\n<p>\u2013 A porta no Corinthians nunca fecha \u2013 disse um membro da c\u00fapula alvinegra, que pediu para ter a identidade preservada.<\/p>\n\n\n\n<p>A ideia corintiana \u00e9 buscar atletas que cheguem sem custos, como foi com J\u00f4, contratado ap\u00f3s rescis\u00e3o contratual com o Nagoya Grampus, do Jap\u00e3o, e L\u00e9o Natel, que deixou o S\u00e3o Paulo de gra\u00e7a.<\/p>\n\n\n\n<p>Investimentos menores em jogadores com bom potencial de revenda tamb\u00e9m n\u00e3o est\u00e3o descartados.<\/p>\n\n\n\n<p>As posi\u00e7\u00f5es vistas como mais carentes s\u00e3o meio e ataque. Vale lembrar que desde o fim do ano passado o t\u00e9cnico Tiago Nunes pedia a chegada de um ponta. O clube tentou Michael, que acabou trocando o Goi\u00e1s pelo Flamengo, e Rony, que foi do Athletico-PR para o Palmeiras.<\/p>\n\n\n\n<p>A solu\u00e7\u00e3o encontrada, ent\u00e3o, foi Yony Gonz\u00e1lez, mas o atacante teve vida curta no Corinthians e acabou sendo devolvido ao Benfica, de Portugal, ap\u00f3s s\u00f3 quatro partidas.<\/p>\n\n\n\n<p>O clube deposita muita esperan\u00e7a nos jovens rec\u00e9m-promovidos das categorias de base, casos de Xavier, Roni, Ruan Oliveira e Gabriel Pereira, mas entende que eles precisam de tempo para ganhar for\u00e7a f\u00edsica e amadurecer t\u00e9cnica e taticamente.<\/p>\n\n\n\n<p>Atualmente, o elenco do Corinthians conta com 31 jogadores. Para 2020, oito atletas foram contratados. S\u00e3o eles: Luan, Cantillo, Sidcley, Matheus Dav\u00f3, Yony Gonz\u00e1lez (j\u00e1 devolvido) Ederson, J\u00f4 e L\u00e9o Natel.<\/p>\n","protected":false},"excerpt":{"rendered":"<p>As duas vit\u00f3rias na volta do futebol, sobre Palmeiras e Oeste, deram \u00e2nimo e confian\u00e7a ao Corinthians, mas tamb\u00e9m serviram para refor\u00e7ar para membros da&hellip; <\/p>\n","protected":false},"author":2,"featured_media":181217,"comment_status":"closed","ping_status":"closed","sticky":false,"template":"","format":"standard","meta":{"sfsi_plus_gutenberg_text_before_share":"","sfsi_plus_gutenberg_show_text_before_share":"","sfsi_plus_gutenberg_icon_type":"","sfsi_plus_gutenberg_icon_alignemt":"","sfsi_plus_gutenburg_max_per_row":"","footnotes":""},"categories":[13],"tags":[],"class_list":["post-181215","post","type-post","status-publish","format-standard","has-post-thumbnail","hentry","category-esportes"],"_links":{"self":[{"href":"https:\/\/www.caririemacao.com\/1\/wp-json\/wp\/v2\/posts\/181215","targetHints":{"allow":["GET"]}}],"collection":[{"href":"https:\/\/www.caririemacao.com\/1\/wp-json\/wp\/v2\/posts"}],"about":[{"href":"https:\/\/www.caririemacao.com\/1\/wp-json\/wp\/v2\/types\/post"}],"author":[{"embeddable":true,"href":"https:\/\/www.caririemacao.com\/1\/wp-json\/wp\/v2\/users\/2"}],"replies":[{"embeddable":true,"href":"https:\/\/www.caririemacao.com\/1\/wp-json\/wp\/v2\/comments?post=181215"}],"version-history":[{"count":1,"href":"https:\/\/www.caririemacao.com\/1\/wp-json\/wp\/v2\/posts\/181215\/revisions"}],"predecessor-version":[{"id":181219,"href":"https:\/\/www.caririemacao.com\/1\/wp-json\/wp\/v2\/posts\/181215\/revisions\/181219"}],"wp:featuredmedia":[{"embeddable":true,"href":"https:\/\/www.caririemacao.com\/1\/wp-json\/wp\/v2\/media\/181217"}],"wp:attachment":[{"href":"https:\/\/www.caririemacao.com\/1\/wp-json\/wp\/v2\/media?parent=181215"}],"wp:term":[{"taxonomy":"category","embeddable":true,"href":"https:\/\/www.caririemacao.com\/1\/wp-json\/wp\/v2\/categories?post=181215"},{"taxonomy":"post_tag","embeddable":true,"href":"https:\/\/www.caririemacao.com\/1\/wp-json\/wp\/v2\/tags?post=181215"}],"curies":[{"name":"wp","href":"https:\/\/api.w.org\/{rel}","templated":true}]}}