{"id":181216,"date":"2020-07-29T14:46:40","date_gmt":"2020-07-29T17:46:40","guid":{"rendered":"https:\/\/www.caririemacao.com\/1\/?p=181216"},"modified":"2020-07-29T14:46:40","modified_gmt":"2020-07-29T17:46:40","slug":"junior-duarte-e-bruno-lira-estreiam-programa-jornalistico-na-radio-independente-fm-de-serra-branca","status":"publish","type":"post","link":"https:\/\/www.caririemacao.com\/1\/2020\/07\/29\/junior-duarte-e-bruno-lira-estreiam-programa-jornalistico-na-radio-independente-fm-de-serra-branca\/","title":{"rendered":"J\u00fanior Duarte e Bruno Lira estreiam programa jornal\u00edstico na R\u00e1dio Independente FM de Serra Branca"},"content":{"rendered":"\n<p>Os comunicadores J\u00fanior Duarte e Bruno Lira estreiam, na pr\u00f3xima quinta-feira (6), programa jornal\u00edstico na R\u00e1dio Independente FM, 107,7, localizada na cidade de Serra Branca, no Cariri paraibano. O programa \u2018Poder e Not\u00edcias\u2019 vai ao ar das 11h \u00e0s 13h.<\/p>\n\n\n\n<p>A atra\u00e7\u00e3o ser\u00e1 transmitida uma vez por semana com entrevistas e as principais informa\u00e7\u00f5es nacionais e tamb\u00e9m do estado, com foco na regi\u00e3o do Cariri.<\/p>\n\n\n\n<p>\u201cSer\u00e1 um programa din\u00e2mico com entrevistas, debates, presta\u00e7\u00e3o de servi\u00e7o e a participa\u00e7\u00e3o do ouvinte\u201d, destacou o radialista e publicit\u00e1rio J\u00fanior Duarte.<\/p>\n\n\n\n<p>A R\u00e1dio Independente FM atinge 120 munic\u00edpios, nos estados da Para\u00edba, Pernambuco e Rio Grande do Norte.<\/p>\n\n\n\n<p>\u201cSer\u00e1 um momento importante para radiofonia do Cariri paraibano. Nosso objetivo \u00e9 levar ao ar um jornalismo s\u00e9rio, com presta\u00e7\u00e3o de servi\u00e7o, debates relevantes e uma pitada de pol\u00edtica. Estamos trabalhando para levar ao ar duas horas de muita informa\u00e7\u00e3o\u201d, expressou Bruno Lira.<\/p>\n","protected":false},"excerpt":{"rendered":"<p>Os comunicadores J\u00fanior Duarte e Bruno Lira estreiam, na pr\u00f3xima quinta-feira (6), programa jornal\u00edstico na R\u00e1dio Independente FM, 107,7, localizada na cidade de Serra Branca,&hellip; <\/p>\n","protected":false},"author":1,"featured_media":181218,"comment_status":"closed","ping_status":"closed","sticky":false,"template":"","format":"standard","meta":{"sfsi_plus_gutenberg_text_before_share":"","sfsi_plus_gutenberg_show_text_before_share":"","sfsi_plus_gutenberg_icon_type":"","sfsi_plus_gutenberg_icon_alignemt":"","sfsi_plus_gutenburg_max_per_row":"","footnotes":""},"categories":[6],"tags":[],"class_list":["post-181216","post","type-post","status-publish","format-standard","has-post-thumbnail","hentry","category-cidades"],"_links":{"self":[{"href":"https:\/\/www.caririemacao.com\/1\/wp-json\/wp\/v2\/posts\/181216","targetHints":{"allow":["GET"]}}],"collection":[{"href":"https:\/\/www.caririemacao.com\/1\/wp-json\/wp\/v2\/posts"}],"about":[{"href":"https:\/\/www.caririemacao.com\/1\/wp-json\/wp\/v2\/types\/post"}],"author":[{"embeddable":true,"href":"https:\/\/www.caririemacao.com\/1\/wp-json\/wp\/v2\/users\/1"}],"replies":[{"embeddable":true,"href":"https:\/\/www.caririemacao.com\/1\/wp-json\/wp\/v2\/comments?post=181216"}],"version-history":[{"count":1,"href":"https:\/\/www.caririemacao.com\/1\/wp-json\/wp\/v2\/posts\/181216\/revisions"}],"predecessor-version":[{"id":181221,"href":"https:\/\/www.caririemacao.com\/1\/wp-json\/wp\/v2\/posts\/181216\/revisions\/181221"}],"wp:featuredmedia":[{"embeddable":true,"href":"https:\/\/www.caririemacao.com\/1\/wp-json\/wp\/v2\/media\/181218"}],"wp:attachment":[{"href":"https:\/\/www.caririemacao.com\/1\/wp-json\/wp\/v2\/media?parent=181216"}],"wp:term":[{"taxonomy":"category","embeddable":true,"href":"https:\/\/www.caririemacao.com\/1\/wp-json\/wp\/v2\/categories?post=181216"},{"taxonomy":"post_tag","embeddable":true,"href":"https:\/\/www.caririemacao.com\/1\/wp-json\/wp\/v2\/tags?post=181216"}],"curies":[{"name":"wp","href":"https:\/\/api.w.org\/{rel}","templated":true}]}}