{"id":181224,"date":"2020-07-29T15:08:52","date_gmt":"2020-07-29T18:08:52","guid":{"rendered":"https:\/\/www.caririemacao.com\/1\/?p=181224"},"modified":"2020-07-29T15:08:52","modified_gmt":"2020-07-29T18:08:52","slug":"policia-tem-suspeito-de-matar-garoto-que-foi-achado-afogado-em-lama-dias-apos-desaparecimento-em-goiania","status":"publish","type":"post","link":"https:\/\/www.caririemacao.com\/1\/2020\/07\/29\/policia-tem-suspeito-de-matar-garoto-que-foi-achado-afogado-em-lama-dias-apos-desaparecimento-em-goiania\/","title":{"rendered":"Pol\u00edcia tem suspeito de matar garoto que foi achado afogado em lama dias ap\u00f3s desaparecimento, em Goi\u00e2nia"},"content":{"rendered":"\n<p>A Pol\u00edcia Civil criou, nesta quarta-feira (29), uma for\u00e7a-tarefa com 20 policiais para solucionar a morte de Danilo de Sousa Silva, de 7 anos, em\u00a0Goi\u00e2nia. A corpora\u00e7\u00e3o informou que j\u00e1 trabalha com uma pessoa considerada suspeita de afogar a crian\u00e7a na lama. Por\u00e9m, n\u00e3o divulgou mais detalhes sobre a identidade do investigado.<\/p>\n\n\n\n<p>Nesta manh\u00e3, equipes de policiais da Delegacia de Investiga\u00e7\u00f5es de Homic\u00eddios (DIH) estiveram no Parque Santa Rita &#8211; onde a v\u00edtima sumiu e teve o corpo encontrado dias depois &#8211; realizando investiga\u00e7\u00f5es.<\/p>\n\n\n\n<p>A corpora\u00e7\u00e3o tamb\u00e9m est\u00e1 ouvindo v\u00e1rias pessoas que t\u00eam rela\u00e7\u00e3o com o caso &#8211; parentes, poss\u00edveis testemunhas, entre outros. Os detalhes das investiga\u00e7\u00f5es seguem sob sigilo. O objetivo \u00e9 esclarecer as circunst\u00e2ncias da morte da crian\u00e7a e o que levou o autor a cometer o crime.<\/p>\n\n\n\n<p>Segundo registros da corpora\u00e7\u00e3o,\u00a0o menino sumiu no \u00faltimo dia 21 de julho, ao sair para ir \u00e0 casa da av\u00f3, que mora nas proximidades da resid\u00eancia dele.\u00a0O corpo do garoto foi encontrado\u00a0seis dias depois, em uma regi\u00e3o de brejo, a cerca de 100 metros da casa dele.<\/p>\n\n\n\n<figure class=\"wp-block-image\"><img decoding=\"async\" data-src=\"https:\/\/s2.glbimg.com\/-7m3leLnuNg6T_41WhLP_hOm0mI=\/0x0:1700x1065\/984x0\/smart\/filters:strip_icc()\/i.s3.glbimg.com\/v1\/AUTH_59edd422c0c84a879bd37670ae4f538a\/internal_photos\/bs\/2020\/8\/S\/kaKFyMRFAyp4EuQfi4gA\/danilo.jpg\" alt=\"Danilo Sousa Silva, de 7 anos \u2014 Foto: Reprodu\u00e7\u00e3o\/TV Anhanguera\" src=\"data:image\/svg+xml;base64,PHN2ZyB3aWR0aD0iMSIgaGVpZ2h0PSIxIiB4bWxucz0iaHR0cDovL3d3dy53My5vcmcvMjAwMC9zdmciPjwvc3ZnPg==\" class=\"lazyload\" \/><\/figure>\n\n\n\n<p>Danilo Sousa Silva, de 7 anos \u2014 Foto: Reprodu\u00e7\u00e3o\/TV Anhanguera<\/p>\n\n\n\n<h2 class=\"wp-block-heading\">Asfixiado na lama<\/h2>\n\n\n\n<p>A per\u00edcia feita no corpo e no local que ele foi encontrado apontaram que\u00a0Danilo foi asfixiado em lama, como explicou o gerente do Instituto M\u00e9dico Legal (IML) de Goi\u00e2nia, o m\u00e9dico legista M\u00e1rio Eduardo Cruz. Segundo ele, o corpo do menino estava no local h\u00e1 alguns dias &#8211; entre sete e dez.<\/p>\n\n\n\n<p>&#8220;A causa da morte a gente consegue precisar. Durante a necr\u00f3psia, n\u00f3s encontramos presen\u00e7a de lama tanto na cavidade oral como na traqueia. Isso configura a mudan\u00e7a do meio respir\u00e1vel, ent\u00e3o, asfixia por afogamento&#8221;, explicou.<\/p>\n\n\n\n<p>Os peritos notaram ainda sinais de viol\u00eancia no corpo da v\u00edtima. Segundo as investiga\u00e7\u00f5es, h\u00e1 les\u00f5es que parecem ter sido causadas antes e ap\u00f3s a morte da crian\u00e7a.<\/p>\n\n\n\n<p>As investiga\u00e7\u00f5es apuram ainda se o garoto foi v\u00edtima de abuso sexual. Ao ser questionada pelo&nbsp;<strong>G1&nbsp;<\/strong>para saber se j\u00e1 havia alguma conclus\u00e3o em rela\u00e7\u00e3o ao estupro, a Pol\u00edcia T\u00e9cnico-Cient\u00edfica disse por meio de nota que os &#8220;resultados de Per\u00edcias Criminais e M\u00e9dico-Legais n\u00e3o ser\u00e3o repassados&#8221; para preservar as investiga\u00e7\u00f5es.<\/p>\n\n\n\n<figure class=\"wp-block-image\"><img decoding=\"async\" data-src=\"https:\/\/s2.glbimg.com\/gmzXsCEsuBcISyr-Ebtf62t2DMY=\/0x0:1700x1065\/984x0\/smart\/filters:strip_icc()\/i.s3.glbimg.com\/v1\/AUTH_59edd422c0c84a879bd37670ae4f538a\/internal_photos\/bs\/2020\/T\/U\/vtEbGsRfSKwb8wvEhgbw\/mata.jpg\" alt=\"Bombeiros encontram corpo em \u00e1rea de mata \u2014 Foto: Marina Demori\/TV Anhanguera\" src=\"data:image\/svg+xml;base64,PHN2ZyB3aWR0aD0iMSIgaGVpZ2h0PSIxIiB4bWxucz0iaHR0cDovL3d3dy53My5vcmcvMjAwMC9zdmciPjwvc3ZnPg==\" class=\"lazyload\" \/><\/figure>\n\n\n\n<p>Bombeiros encontram corpo em \u00e1rea de mata \u2014 Foto: Marina Demori\/TV Anhanguera<\/p>\n\n\n\n<h2 class=\"wp-block-heading\">Fam\u00edlia<\/h2>\n\n\n\n<p>Tia do garoto, Yala Silva Almeida disse que a fam\u00edlia est\u00e1 destru\u00edda com tudo o que aconteceu.<\/p>\n\n\n\n<blockquote class=\"wp-block-quote is-layout-flow wp-block-quote-is-layout-flow\"><p>&#8220;N\u00e3o temos ideia de quem foi, mas queremos justi\u00e7a&#8221;, afirmou.<\/p><\/blockquote>\n\n\n\n<p>A m\u00e3e e o padrasto da crian\u00e7a foram ouvidos duas vezes pela Pol\u00edcia Civil. Eles foram\u00a0autuados por abandono de incapaz, ou seja, est\u00e3o sendo responsabilizados pelo sumi\u00e7o da crian\u00e7a, que teria sa\u00eddo sozinha para ir \u00e0 casa da av\u00f3 antes de desaparecer.<\/p>\n\n\n\n<p>De acordo com a fam\u00edlia, o corpo de Danilo deve ser velado entre as 14h e 16h, no Cemit\u00e9rio Municipal Vale da Paz, em Goi\u00e2nia. O enterro est\u00e1 programado para ocorrer em seguida.<\/p>\n\n\n\n<h2 class=\"wp-block-heading\">Desaparecimento<\/h2>\n\n\n\n<p>Danilo sumiu no dia 21 de julho. Segundo o relato da fam\u00edlia para a Pol\u00edcia Civil, ele estava brincando na porta de casa quando entrou e disse \u00e0 m\u00e3e que iria para a casa da av\u00f3, que mora uma rua acima. Por\u00e9m, n\u00e3o foi mais visto depois disso.<\/p>\n\n\n\n<p>A pol\u00edcia chegou a divulgar imagens de c\u00e2meras de seguran\u00e7a que mostram uma crian\u00e7a pedindo comida em um restaurante. Apesar da semelhan\u00e7a, a m\u00e3e n\u00e3o reconheceu o menino da grava\u00e7\u00e3o como sendo o filho e a Pol\u00edcia Civil concluiu que realmente n\u00e3o era Danilo que aparecia nas imagens.<\/p>\n\n\n\n<p>No dia seguinte ao desaparecimento, o Corpo de Bombeiros iniciou as buscas pelo garoto. De acordo com a corpora\u00e7\u00e3o, o local em que o corpo estava era de dif\u00edcil acesso e n\u00e3o havia sido explorado antes. Ainda segundo os bombeiros, apesar de ser uma \u00e1rea alagada, o corpo n\u00e3o estava submerso, foi encontrado fora da \u00e1gua.<\/p>\n\n\n\n<figure class=\"wp-block-image\"><img decoding=\"async\" data-src=\"https:\/\/s2.glbimg.com\/VTSwutqkibLfczc3ZUvbgkbd1DA=\/0x0:1700x1065\/984x0\/smart\/filters:strip_icc()\/i.s3.glbimg.com\/v1\/AUTH_59edd422c0c84a879bd37670ae4f538a\/internal_photos\/bs\/2020\/J\/Z\/QC7eqWR42wK450u4cUng\/menino.jpg\" alt=\"Danilo de Sousa Silva \u2014 Foto: Reprodu\u00e7\u00e3o\/TV Anhanguera\" src=\"data:image\/svg+xml;base64,PHN2ZyB3aWR0aD0iMSIgaGVpZ2h0PSIxIiB4bWxucz0iaHR0cDovL3d3dy53My5vcmcvMjAwMC9zdmciPjwvc3ZnPg==\" class=\"lazyload\" \/><\/figure>\n\n\n\n<p>Danilo de Sousa Silva \u2014 Foto: Reprodu\u00e7\u00e3o\/TV Anhanguera<\/p>\n\n\n\n<p><em>Veja outras not\u00edcias da regi\u00e3o no\u00a0<\/em><a href=\"https:\/\/g1.globo.com\/go\/goias\/ultimas-noticias\/\"><em>G1 Goi\u00e1s<\/em><\/a><em>.<\/em><\/p>\n\n\n\n<p>com g1<\/p>\n","protected":false},"excerpt":{"rendered":"<p>A Pol\u00edcia Civil criou, nesta quarta-feira (29), uma for\u00e7a-tarefa com 20 policiais para solucionar a morte de Danilo de Sousa Silva, de 7 anos, em\u00a0Goi\u00e2nia.&hellip; <\/p>\n","protected":false},"author":1,"featured_media":181229,"comment_status":"closed","ping_status":"closed","sticky":false,"template":"","format":"standard","meta":{"sfsi_plus_gutenberg_text_before_share":"","sfsi_plus_gutenberg_show_text_before_share":"","sfsi_plus_gutenberg_icon_type":"","sfsi_plus_gutenberg_icon_alignemt":"","sfsi_plus_gutenburg_max_per_row":"","footnotes":""},"categories":[12],"tags":[],"class_list":["post-181224","post","type-post","status-publish","format-standard","has-post-thumbnail","hentry","category-policia"],"_links":{"self":[{"href":"https:\/\/www.caririemacao.com\/1\/wp-json\/wp\/v2\/posts\/181224","targetHints":{"allow":["GET"]}}],"collection":[{"href":"https:\/\/www.caririemacao.com\/1\/wp-json\/wp\/v2\/posts"}],"about":[{"href":"https:\/\/www.caririemacao.com\/1\/wp-json\/wp\/v2\/types\/post"}],"author":[{"embeddable":true,"href":"https:\/\/www.caririemacao.com\/1\/wp-json\/wp\/v2\/users\/1"}],"replies":[{"embeddable":true,"href":"https:\/\/www.caririemacao.com\/1\/wp-json\/wp\/v2\/comments?post=181224"}],"version-history":[{"count":1,"href":"https:\/\/www.caririemacao.com\/1\/wp-json\/wp\/v2\/posts\/181224\/revisions"}],"predecessor-version":[{"id":181230,"href":"https:\/\/www.caririemacao.com\/1\/wp-json\/wp\/v2\/posts\/181224\/revisions\/181230"}],"wp:featuredmedia":[{"embeddable":true,"href":"https:\/\/www.caririemacao.com\/1\/wp-json\/wp\/v2\/media\/181229"}],"wp:attachment":[{"href":"https:\/\/www.caririemacao.com\/1\/wp-json\/wp\/v2\/media?parent=181224"}],"wp:term":[{"taxonomy":"category","embeddable":true,"href":"https:\/\/www.caririemacao.com\/1\/wp-json\/wp\/v2\/categories?post=181224"},{"taxonomy":"post_tag","embeddable":true,"href":"https:\/\/www.caririemacao.com\/1\/wp-json\/wp\/v2\/tags?post=181224"}],"curies":[{"name":"wp","href":"https:\/\/api.w.org\/{rel}","templated":true}]}}