{"id":181231,"date":"2020-07-29T15:17:00","date_gmt":"2020-07-29T18:17:00","guid":{"rendered":"https:\/\/www.caririemacao.com\/1\/?p=181231"},"modified":"2020-07-29T15:17:00","modified_gmt":"2020-07-29T18:17:00","slug":"apos-nao-divulgar-dados-de-covid-19-na-terca-sp-atualiza-balanco-e-estado-ultrapassa-22-mil-mortes-e-500-mil-casos","status":"publish","type":"post","link":"https:\/\/www.caririemacao.com\/1\/2020\/07\/29\/apos-nao-divulgar-dados-de-covid-19-na-terca-sp-atualiza-balanco-e-estado-ultrapassa-22-mil-mortes-e-500-mil-casos\/","title":{"rendered":"Ap\u00f3s n\u00e3o divulgar dados de Covid-19 na ter\u00e7a, SP atualiza balan\u00e7o e estado ultrapassa 22 mil mortes e 500 mil casos"},"content":{"rendered":"\n<p>O estado de S\u00e3o Paulo superou a marca de 500 mil casos confirmados de coronav\u00edrus nesta ter\u00e7a-feira (28), cinco meses ap\u00f3s o primeiro registro da doen\u00e7a, que aconteceu em fevereiro. O total de mortes desde o in\u00edcio da pandemia chegou a 22.389 em todo o estado.<\/p>\n\n\n\n<p>Pela primeira vez desde o in\u00edcio da pandemia, o\u00a0governo de S\u00e3o Paulo n\u00e3o divulgou na ter\u00e7a-feira o boletim di\u00e1rio\u00a0de novas mortes e casos por coronav\u00edrus a tempo do balan\u00e7o nacional feito pelo Minist\u00e9rio da Sa\u00fade. Os dados de ter\u00e7a-feira foram divulgados nesta quarta-feira (29), junto com os dados do dia.<\/p>\n\n\n\n<p><strong>Veja os novos registros no estado de SP nas \u00faltimas 24 horas:<\/strong><\/p>\n\n\n\n<ul class=\"wp-block-list\"><li>330 mortes<\/li><li>13.896 casos confirmados<\/li><\/ul>\n\n\n\n<p><strong>Veja os novos registros no estado de SP na ter\u00e7a-feira (28):<\/strong><\/p>\n\n\n\n<ul class=\"wp-block-list\"><li>383 mortes<\/li><li>12.647 casos confirmados<\/li><\/ul>\n\n\n\n<p><strong>Veja o total no estado de SP desde o in\u00edcio da pandemia:<\/strong><\/p>\n\n\n\n<ul class=\"wp-block-list\"><li>22.389 mortes<\/li><li>514.197 casos confirmados<\/li><\/ul>\n\n\n\n<p>As novas confirma\u00e7\u00f5es em 24 horas n\u00e3o significam, necessariamente, que as mortes e casos aconteceram de um dia para o outro, mas que foram contabilizadas no sistema neste per\u00edodo. Os valores costumam ser menores aos finais de semana e segundas-feiras, devido ao atraso de notifica\u00e7\u00f5es.<\/p>\n\n\n\n<p>A m\u00e9dia m\u00f3vel de mortes por Covid-19,\u00a0que corrige a discrep\u00e2ncia entre os dias da semana, se mant\u00e9m est\u00e1vel em rela\u00e7\u00e3o a 14 dias atr\u00e1s. Apesar disso, os n\u00fameros di\u00e1rios ainda geram preocupa\u00e7\u00e3o: o estado de SP est\u00e1 h\u00e1 16 dias acima de 260 \u00f3bitos di\u00e1rios e h\u00e1 mais de 2 meses acima de 200 mortes por dia.<\/p>\n\n\n\n<p>J\u00e1 a m\u00e9dia m\u00f3vel de novos casos, que considera os registros di\u00e1rios dos \u00faltimos 7 dias, est\u00e1 em 10.679 confirma\u00e7\u00f5es por dia. Em rela\u00e7\u00e3o a 14 dias atr\u00e1s, a m\u00e9dia m\u00f3vel cresceu 44%. Aumentos acima de 15% no \u00edndice de duas semanas atr\u00e1s s\u00e3o considerados indicadores de acelera\u00e7\u00e3o do n\u00famero. Nesta segunda-feira (27)\u00a0foi a primeira vez que a m\u00e9dia m\u00f3vel de casos por dia supera 10 mil desde o in\u00edcio da pandemia em SP.<\/p>\n\n\n\n<p>Antes com estabilidade, o\u00a0estado voltou a ter tend\u00eancia de alta na m\u00e9dia m\u00f3vel de novos casos no s\u00e1bado (25). Segundo o governo, o aumento \u00e9 justificado pela maior testagem da popula\u00e7\u00e3o.<\/p>\n\n\n\n<p>&#8220;N\u00f3s aumentamos a m\u00e9dia m\u00f3vel e n\u00f3s temos elevado a despeito do n\u00famero de represamento de novos casos. N\u00f3s temos uma avalia\u00e7\u00e3o muito r\u00edgida. Uma das possibilidades que n\u00f3s estamos avaliando \u00e9 a quest\u00e3o da testagem. N\u00f3s temos de abril a junho um aumento de 500% nos testes que foram feitos, uma m\u00e9dia de 21.500 testes por dia. Nas \u00faltimas semanas dobramos a quantidade de testes e isso \u00e9 muito importante porque, apesar de termos uma eleva\u00e7\u00e3o de 70% dos casos confirmados, n\u00f3s n\u00e3o tivemos impacto nem no n\u00famero de mortes nem de interna\u00e7\u00f5es nas UTI&#8221;, afirmou o secret\u00e1rio da Sa\u00fade Jean Gorinchteyn.<\/p>\n\n\n\n<h2 class=\"wp-block-heading\">Interna\u00e7\u00f5es e ocupa\u00e7\u00e3o de UTIs<\/h2>\n\n\n\n<p>Nesta quarta, a taxa de ocupa\u00e7\u00e3o dos leitos das unidades de terapia intensiva (UTI) se manteve est\u00e1vel em 65,5% no estado e de 63,3% na Grande S\u00e3o Paulo, em rela\u00e7\u00e3o \u00e0 ter\u00e7a-feira.<\/p>\n\n\n\n<p>J\u00e1 o n\u00famero de pacientes internados com suspeita ou confirma\u00e7\u00e3o de Covid-19 foi de 12.605 nesta quarta, sendo 5.214 em enfermaria e 7.391 em UTI. Os dados de ter\u00e7a-feira n\u00e3o foram informados.<\/p>\n\n\n\n<h2 class=\"wp-block-heading\">Aus\u00eancia de dados na ter\u00e7a<\/h2>\n\n\n\n<p>Os dados de novas mortes e casos por coronav\u00edrus costumam ser divulgados pela gest\u00e3o Jo\u00e3o Doria (PSDB) durante coletiva de imprensa no in\u00edcio da tarde ou disponibilizados no site da Funda\u00e7\u00e3o Seade ao longo do dia. Nesta ter\u00e7a, no entanto, a equipe de sa\u00fade do governo relatou dificuldade para extra\u00e7\u00e3o dos dados no sistema de notifica\u00e7\u00e3o do Minist\u00e9rio da Sa\u00fade.<\/p>\n\n\n\n<p>&#8220;Quero lembrar que hoje, infelizmente, por conta de mudan\u00e7as no sistema e-Sus, n\u00e3o temos as atualiza\u00e7\u00f5es dos dados. Isso acontecer\u00e1 nas pr\u00f3ximas horas e muito possivelmente no per\u00edodo da tarde esses dados ser\u00e3o ofertados&#8221;, afirmou o secret\u00e1rio da Sa\u00fade Jean Gorinchteyn em coletiva de imprensa.<\/p>\n\n\n\n<p>Posteriormente, a Secretaria Estadual de Sa\u00fade divulgou uma nota na qual afirma que na verdade o problema de extra\u00e7\u00e3o de dados ocorreu no Sivep-Gripe, que contabiliza casos graves e mortes, e n\u00e3o no e-SUS, que contabiliza casos leves da doen\u00e7a.<\/p>\n\n\n\n<p>&#8220;A Secretaria de Estado da Sa\u00fade informa que os dados de casos de Covid-19 desta ter\u00e7a-feira (28) est\u00e3o em reprocessamento pelas equipes de Tecnologia da Informa\u00e7\u00e3o e Vigil\u00e2ncia Epidemiol\u00f3gica. Foi necess\u00e1rio readequar a rotina de extra\u00e7\u00e3o das informa\u00e7\u00f5es do SIVEP, uma vez que o Minist\u00e9rio da Sa\u00fade inseriu novos campos no sistema de notifica\u00e7\u00e3o dos casos graves, e esta altera\u00e7\u00e3o impactou o processo de extra\u00e7\u00e3o automatizada realizada diariamente pela Secretaria. Mantendo o compromisso com a transpar\u00eancia e com informa\u00e7\u00f5es corretas e qualificadas, a pasta divulgar\u00e1 os n\u00fameros t\u00e3o logo haja normaliza\u00e7\u00e3o destes processos&#8221;, disse a pasta.<\/p>\n\n\n\n<figure class=\"wp-block-image\"><img decoding=\"async\" data-src=\"https:\/\/s03.video.glbimg.com\/x240\/8733894.jpg\" alt=\"Brasil tem 88.634 mortes por coronav\u00edrus, informa cons\u00f3rcio de imprensa sem dados de SP\" title=\"Brasil tem 88.634 mortes por coronav\u00edrus, informa cons\u00f3rcio de imprensa sem dados de SP\" src=\"data:image\/svg+xml;base64,PHN2ZyB3aWR0aD0iMSIgaGVpZ2h0PSIxIiB4bWxucz0iaHR0cDovL3d3dy53My5vcmcvMjAwMC9zdmciPjwvc3ZnPg==\" class=\"lazyload\" \/><\/figure>\n\n\n\n<p>00:00\/00:43<\/p>\n\n\n\n<p>Brasil tem 88.634 mortes por coronav\u00edrus, informa cons\u00f3rcio de imprensa sem dados de SP<\/p>\n\n\n\n<p>O&nbsp;<strong>G1<\/strong>&nbsp;questionou o Minist\u00e9rio da Sa\u00fade sobre a altera\u00e7\u00e3o no Sivep, que afirmou que a mudan\u00e7a nos campos de preenchimento foi combinada com as secretarias. A pasta afirmou tamb\u00e9m que n\u00e3o foi constatada instabilidade no e-SUS.<\/p>\n\n\n\n<p>&#8220;Os campos foram atualizados atendendo pactua\u00e7\u00e3o feita com o Conselho Nacional de Secret\u00e1rios de Sa\u00fade (CONASS) e Conselho Nacional de Secretarias Municipais de Sa\u00fade (CONASEMS). O Minist\u00e9rio da Sa\u00fade est\u00e1 \u00e0 disposi\u00e7\u00e3o de gestores que necessitem de aux\u00edlio com o sistema. O sistema de registro de notifica\u00e7\u00f5es e-SUS Notifica n\u00e3o apresentou nenhuma indisponibilidade ou lentid\u00e3o nesta ter\u00e7a-feira (28)&#8221;, disse o minist\u00e9rio.<\/p>\n\n\n\n<p>Ao divulgar o balan\u00e7o nacional, por volta das 19h30, o Minist\u00e9rio da Sa\u00fade enviou mais um posicionamento afirmando que os dados de S\u00e3o Paulo s\u00f3 ser\u00e3o inclu\u00eddos no boletim de quarta-feira (29).<\/p>\n\n\n\n<p>&#8220;A Secretaria Estadual de Sa\u00fade de S\u00e3o Paulo informou ter tido dificuldades para exportar a base de dados a tempo de atualizar o painel nacional. Desta forma, os dados ser\u00e3o atualizados nesta quarta-feira (29)&#8221;, disse o minist\u00e9rio.<\/p>\n\n\n\n<p>COM G1<\/p>\n","protected":false},"excerpt":{"rendered":"<p>O estado de S\u00e3o Paulo superou a marca de 500 mil casos confirmados de coronav\u00edrus nesta ter\u00e7a-feira (28), cinco meses ap\u00f3s o primeiro registro da&hellip; <\/p>\n","protected":false},"author":1,"featured_media":181233,"comment_status":"closed","ping_status":"closed","sticky":false,"template":"","format":"standard","meta":{"sfsi_plus_gutenberg_text_before_share":"","sfsi_plus_gutenberg_show_text_before_share":"","sfsi_plus_gutenberg_icon_type":"","sfsi_plus_gutenberg_icon_alignemt":"","sfsi_plus_gutenburg_max_per_row":"","footnotes":""},"categories":[50],"tags":[],"class_list":["post-181231","post","type-post","status-publish","format-standard","has-post-thumbnail","hentry","category-destaque"],"_links":{"self":[{"href":"https:\/\/www.caririemacao.com\/1\/wp-json\/wp\/v2\/posts\/181231","targetHints":{"allow":["GET"]}}],"collection":[{"href":"https:\/\/www.caririemacao.com\/1\/wp-json\/wp\/v2\/posts"}],"about":[{"href":"https:\/\/www.caririemacao.com\/1\/wp-json\/wp\/v2\/types\/post"}],"author":[{"embeddable":true,"href":"https:\/\/www.caririemacao.com\/1\/wp-json\/wp\/v2\/users\/1"}],"replies":[{"embeddable":true,"href":"https:\/\/www.caririemacao.com\/1\/wp-json\/wp\/v2\/comments?post=181231"}],"version-history":[{"count":1,"href":"https:\/\/www.caririemacao.com\/1\/wp-json\/wp\/v2\/posts\/181231\/revisions"}],"predecessor-version":[{"id":181234,"href":"https:\/\/www.caririemacao.com\/1\/wp-json\/wp\/v2\/posts\/181231\/revisions\/181234"}],"wp:featuredmedia":[{"embeddable":true,"href":"https:\/\/www.caririemacao.com\/1\/wp-json\/wp\/v2\/media\/181233"}],"wp:attachment":[{"href":"https:\/\/www.caririemacao.com\/1\/wp-json\/wp\/v2\/media?parent=181231"}],"wp:term":[{"taxonomy":"category","embeddable":true,"href":"https:\/\/www.caririemacao.com\/1\/wp-json\/wp\/v2\/categories?post=181231"},{"taxonomy":"post_tag","embeddable":true,"href":"https:\/\/www.caririemacao.com\/1\/wp-json\/wp\/v2\/tags?post=181231"}],"curies":[{"name":"wp","href":"https:\/\/api.w.org\/{rel}","templated":true}]}}