{"id":181232,"date":"2020-07-29T17:18:31","date_gmt":"2020-07-29T20:18:31","guid":{"rendered":"https:\/\/www.caririemacao.com\/1\/?p=181232"},"modified":"2020-07-29T17:18:31","modified_gmt":"2020-07-29T20:18:31","slug":"coronavirus-crescimento-de-infeccoes-entre-jovens-esta-provocando-aumento-de-casos-na-europa-diz-oms","status":"publish","type":"post","link":"https:\/\/www.caririemacao.com\/1\/2020\/07\/29\/coronavirus-crescimento-de-infeccoes-entre-jovens-esta-provocando-aumento-de-casos-na-europa-diz-oms\/","title":{"rendered":"Coronav\u00edrus: crescimento de infec\u00e7\u00f5es entre jovens est\u00e1 provocando aumento de casos na Europa, diz OMS"},"content":{"rendered":"\n<p>O diretor regional da Europa para a Organiza\u00e7\u00e3o Mundial da Sa\u00fade (<a href=\"https:\/\/g1.globo.com\/tudo-sobre\/organizacao-mundial-de-saude\/\">OMS<\/a>), Hans Kluge, afirmou que o aumento de infec\u00e7\u00f5es de\u00a0novo coronav\u00edrus\u00a0entre jovens pode estar provocando picos recentes de casos em todo o continente.<\/p>\n\n\n\n<p>Ele disse ao programa Today da R\u00e1dio 4 da BBC que as autoridades precisavam se comunicar melhor com os mais jovens.<\/p>\n\n\n\n<p>&#8220;Um n\u00famero crescente de pa\u00edses est\u00e1 passando por surtos localizados e um ressurgimento de casos. O que sabemos \u00e9 que isso \u00e9 uma consequ\u00eancia da mudan\u00e7a no comportamento humano&#8221;, disse ele.<\/p>\n\n\n\n<p>&#8220;Estamos recebendo relat\u00f3rios de v\u00e1rias autoridades de sa\u00fade sobre uma propor\u00e7\u00e3o maior de novas infec\u00e7\u00f5es entre jovens. Ent\u00e3o, para mim, \u00e9 o suficiente para repensarmos a melhor maneira de envolver os jovens.&#8221;<\/p>\n\n\n\n<figure class=\"wp-block-image\"><img decoding=\"async\" data-src=\"https:\/\/s2.glbimg.com\/tPo6NqODeEor90qsBs3gb9sO1SQ=\/0x0:1708x961\/984x0\/smart\/filters:strip_icc()\/i.s3.glbimg.com\/v1\/AUTH_59edd422c0c84a879bd37670ae4f538a\/internal_photos\/bs\/2020\/A\/A\/I6AqtHSqiqxkbSx50WLg\/bb1.jpg\" alt=\"Um dia quente de praia em Barcelona, no dia 17 de julho. \u2014 Foto: EPA\" src=\"data:image\/svg+xml;base64,PHN2ZyB3aWR0aD0iMSIgaGVpZ2h0PSIxIiB4bWxucz0iaHR0cDovL3d3dy53My5vcmcvMjAwMC9zdmciPjwvc3ZnPg==\" class=\"lazyload\" \/><\/figure>\n\n\n\n<p>Um dia quente de praia em Barcelona, no dia 17 de julho. \u2014 Foto: EPA<\/p>\n\n\n\n<p>Kluge disse que, como pai de duas filhas, entende que os jovens &#8220;n\u00e3o queiram perder o ver\u00e3o&#8221;.<\/p>\n\n\n\n<p>Mas ele acrescentou: &#8220;Eles t\u00eam uma responsabilidade em rela\u00e7\u00e3o a si mesmos, a seus pais, av\u00f3s e comunidades. E agora sabemos como adotar comportamentos bons e saud\u00e1veis, ent\u00e3o vamos aproveitar esse conhecimento&#8221;.<\/p>\n\n\n\n<p>Semanas ap\u00f3s os bloqueios come\u00e7arem a ser amenizados em todo o continente europeu, os casos de novas infec\u00e7\u00f5es come\u00e7am a aumentar em algumas \u00e1reas. Por isso, governos come\u00e7aram a pedir mais cautela, al\u00e9m de adotar novas medidas para conter a dissemina\u00e7\u00e3o do v\u00edrus.<\/p>\n\n\n\n<figure class=\"wp-block-image\"><img decoding=\"async\" data-src=\"https:\/\/s01.video.glbimg.com\/x240\/8734480.jpg\" alt=\"Europa teme novo pico da Covid-19 com aumento de casos di\u00e1rios\" title=\"Europa teme novo pico da Covid-19 com aumento de casos di\u00e1rios\" src=\"data:image\/svg+xml;base64,PHN2ZyB3aWR0aD0iMSIgaGVpZ2h0PSIxIiB4bWxucz0iaHR0cDovL3d3dy53My5vcmcvMjAwMC9zdmciPjwvc3ZnPg==\" class=\"lazyload\" \/><\/figure>\n\n\n\n<p>Europa teme novo pico da Covid-19 com aumento de casos di\u00e1rios<\/p>\n\n\n\n<p>Na ter\u00e7a-feira, o Senado italiano votou pela extens\u00e3o do estado de emerg\u00eancia. O primeiro-ministro, Giuseppe Conte, disse que as infec\u00e7\u00f5es est\u00e3o aumentando em pa\u00edses vizinhos \u2014 incluindo Fran\u00e7a, Espanha e B\u00e1lc\u00e3s \u2014 e pediu uma vigil\u00e2ncia extra para impedir que o v\u00edrus volte.<\/p>\n\n\n\n<p>O chefe da ag\u00eancia de sa\u00fade p\u00fablica da Alemanha tamb\u00e9m disse que est\u00e1 &#8220;muito preocupado&#8221; com o aumento de infec\u00e7\u00f5es. Lothar Wieler, chefe do Instituto Robert Koch (RKI), disse a rep\u00f3rteres na ter\u00e7a-feira que os alem\u00e3es haviam se tornado &#8220;negligentes&#8221; e pediu \u00e0s pessoas que usassem m\u00e1scaras faciais e respeitassem as regras sociais de distanciamento e higiene.<\/p>\n\n\n\n<p>A Alemanha resistiu bem ao surto inicial, mas, na semana passada, registrou 3.611 novas infec\u00e7\u00f5es.<\/p>\n\n\n\n<p>A Gr\u00e9cia \u2014 que tamb\u00e9m resistiu bem nos primeiros meses da pandemia \u2014 disse que est\u00e1 tornando as m\u00e1scaras obrigat\u00f3rias novamente em lojas e servi\u00e7os p\u00fablicos ap\u00f3s um aumento recente de infec\u00e7\u00f5es.<\/p>\n\n\n\n<p>O ministro da Sa\u00fade da Fran\u00e7a, Olivier V\u00e9ran, disse que queria evitar outro lockdown e pediu \u00e0s pessoas que &#8220;n\u00e3o baixem a guarda&#8221;.<\/p>\n\n\n\n<p>E no Reino Unido, a s\u00fabita decis\u00e3o do governo de impor uma quarentena de 14 dias aos viajantes que chegam da Espanha atrapalhou os planos de f\u00e9rias de milhares de pessoas. A Espanha criticou a medida como &#8220;injusta&#8221;, afirmando que o aumento de novas infec\u00e7\u00f5es por l\u00e1 se limita em grande parte a apenas duas regi\u00f5es.<\/p>\n\n\n\n<p>COM G1<\/p>\n","protected":false},"excerpt":{"rendered":"<p>O diretor regional da Europa para a Organiza\u00e7\u00e3o Mundial da Sa\u00fade (OMS), Hans Kluge, afirmou que o aumento de infec\u00e7\u00f5es de\u00a0novo coronav\u00edrus\u00a0entre jovens pode estar&hellip; <\/p>\n","protected":false},"author":1,"featured_media":181253,"comment_status":"closed","ping_status":"closed","sticky":false,"template":"","format":"standard","meta":{"sfsi_plus_gutenberg_text_before_share":"","sfsi_plus_gutenberg_show_text_before_share":"","sfsi_plus_gutenberg_icon_type":"","sfsi_plus_gutenberg_icon_alignemt":"","sfsi_plus_gutenburg_max_per_row":"","footnotes":""},"categories":[50],"tags":[],"class_list":["post-181232","post","type-post","status-publish","format-standard","has-post-thumbnail","hentry","category-destaque"],"_links":{"self":[{"href":"https:\/\/www.caririemacao.com\/1\/wp-json\/wp\/v2\/posts\/181232","targetHints":{"allow":["GET"]}}],"collection":[{"href":"https:\/\/www.caririemacao.com\/1\/wp-json\/wp\/v2\/posts"}],"about":[{"href":"https:\/\/www.caririemacao.com\/1\/wp-json\/wp\/v2\/types\/post"}],"author":[{"embeddable":true,"href":"https:\/\/www.caririemacao.com\/1\/wp-json\/wp\/v2\/users\/1"}],"replies":[{"embeddable":true,"href":"https:\/\/www.caririemacao.com\/1\/wp-json\/wp\/v2\/comments?post=181232"}],"version-history":[{"count":1,"href":"https:\/\/www.caririemacao.com\/1\/wp-json\/wp\/v2\/posts\/181232\/revisions"}],"predecessor-version":[{"id":181254,"href":"https:\/\/www.caririemacao.com\/1\/wp-json\/wp\/v2\/posts\/181232\/revisions\/181254"}],"wp:featuredmedia":[{"embeddable":true,"href":"https:\/\/www.caririemacao.com\/1\/wp-json\/wp\/v2\/media\/181253"}],"wp:attachment":[{"href":"https:\/\/www.caririemacao.com\/1\/wp-json\/wp\/v2\/media?parent=181232"}],"wp:term":[{"taxonomy":"category","embeddable":true,"href":"https:\/\/www.caririemacao.com\/1\/wp-json\/wp\/v2\/categories?post=181232"},{"taxonomy":"post_tag","embeddable":true,"href":"https:\/\/www.caririemacao.com\/1\/wp-json\/wp\/v2\/tags?post=181232"}],"curies":[{"name":"wp","href":"https:\/\/api.w.org\/{rel}","templated":true}]}}