{"id":181235,"date":"2020-07-29T17:22:39","date_gmt":"2020-07-29T20:22:39","guid":{"rendered":"https:\/\/www.caririemacao.com\/1\/?p=181235"},"modified":"2020-07-29T17:22:39","modified_gmt":"2020-07-29T20:22:39","slug":"forca-tarefa-da-lava-jato-repudia-declaracoes-de-aras-e-diz-que-nao-ha-caixas-de-segredos-no-trabalho-dos-procuradores","status":"publish","type":"post","link":"https:\/\/www.caririemacao.com\/1\/2020\/07\/29\/forca-tarefa-da-lava-jato-repudia-declaracoes-de-aras-e-diz-que-nao-ha-caixas-de-segredos-no-trabalho-dos-procuradores\/","title":{"rendered":"For\u00e7a-tarefa da Lava Jato repudia declara\u00e7\u00f5es de Aras e diz que n\u00e3o h\u00e1 &#8216;caixas de segredos&#8217; no trabalho dos procuradores"},"content":{"rendered":"\n<p>A for\u00e7a-tarefa da opera\u00e7\u00e3o Lava Jato, em Curitiba, repudiou, na tarde desta quarta-feira (29), as declara\u00e7\u00f5es dadas pelo procurador-geral da Rep\u00fablica,\u00a0Augusto Aras, que afirmou em um debate virtual\u00a0que \u00e9 hora de &#8216;corrigir rumos&#8217; para que &#8216;lavajatismo n\u00e3o perdure&#8217;.<\/p>\n\n\n\n<p>As declara\u00e7\u00f5es foram feitas por Aras, na ter\u00e7a-feira (28), durante uma participa\u00e7\u00e3o em um debate virtual, promovido por um grupo de advogados.<\/p>\n\n\n\n<p>Segundo a for\u00e7a-tarefa, do Minist\u00e9rio P\u00fablico Federal (MPF) no Paran\u00e1, as declara\u00e7\u00f5es de que existem &#8216;caixas de segredos&#8217; no trabalho dos procuradores e de que &#8220;haveria milhares de documentos ocultos&#8221; s\u00e3o falsas.<\/p>\n\n\n\n<p>Durante fala no debate virtual, o procurador-geral da Rep\u00fablica tamb\u00e9m afirmou que a &#8220;corre\u00e7\u00e3o de rumos n\u00e3o significa redu\u00e7\u00e3o do empenho no combate \u00e0 corrup\u00e7\u00e3o&#8221; e destacou que a gest\u00e3o dele visa acabar com o &#8220;punitivismo&#8221; do Minist\u00e9rio P\u00fablico.<\/p>\n\n\n\n<p>Aras disse que n\u00e3o pode existir \u201ccaixa-preta\u201d no MP.<\/p>\n\n\n\n<p>Na nota, a for\u00e7a-tarefa destacou que devem ser rejeitados o que classificou como &#8220;ataques gen\u00e9ricos e infundados \u00e0s atividades de procuradores da Rep\u00fablica&#8221;, al\u00e9m de &#8220;tentativas de interferir no seu trabalho independente&#8221;.<\/p>\n\n\n\n<blockquote class=\"wp-block-quote is-layout-flow wp-block-quote-is-layout-flow\"><p>&#8220;A independ\u00eancia funcional dos membros do Minist\u00e9rio P\u00fablico transcende casos individuais e \u00e9 uma garantia constitucional da sociedade brasileira de que o servi\u00e7o prestado se guiar\u00e1 pelo interesse p\u00fablico, livre da interfer\u00eancia de interesses diversos por mais influentes que sejam&#8221;, diz a nota.<\/p><\/blockquote>\n\n\n\n<p>Augusto Aras entrou em atrito com as for\u00e7as-tarefa depois de a chefe da Lava Jato na PGR, Lind\u00f4ra Ara\u00fajo, se dirigir a Curitiba\u00a0com o objetivo de obter acesso a dados de investiga\u00e7\u00f5es.<\/p>\n\n\n\n<p><strong>Leia, abaixo, a \u00edntegra da nota divulgada pela for\u00e7a-tarefa:<\/strong><\/p>\n\n\n\n<p><em>&#8220;Os procuradores da Rep\u00fablica integrantes da for\u00e7a-tarefa constitu\u00edda pelo Minist\u00e9rio P\u00fablico Federal para atuar na opera\u00e7\u00e3o Lava Jato repudiam as declara\u00e7\u00f5es infundadas lan\u00e7adas em \u201clive\u201d realizada na noite de 28 de julho de 2020, com a participa\u00e7\u00e3o do Procurador-Geral da Rep\u00fablica e advogados que patrocinam a defesa de influentes pol\u00edticos e empres\u00e1rios investigados ou condenados na opera\u00e7\u00e3o Lava Jato.<\/em><\/p>\n\n\n\n<p><em>1. Devem ser refutados os ataques gen\u00e9ricos e infundados \u00e0s atividades de procuradores da Rep\u00fablica e as tentativas de interferir no seu trabalho independente, desenvolvido de modo coordenado em diferentes inst\u00e2ncias e institui\u00e7\u00f5es.<\/em><\/p>\n\n\n\n<p><em>A independ\u00eancia funcional dos membros do Minist\u00e9rio P\u00fablico transcende casos individuais e \u00e9 uma garantia constitucional da sociedade brasileira de que o servi\u00e7o prestado se guiar\u00e1 pelo interesse p\u00fablico, livre da interfer\u00eancia de interesses diversos por mais influentes que sejam.<\/em><\/p>\n\n\n\n<p><em>2. A ila\u00e7\u00e3o de que h\u00e1 \u201ccaixas de segredos\u201d no trabalho dos procuradores da Rep\u00fablica \u00e9 falsa, assim como a alega\u00e7\u00e3o de que haveria milhares de documentos ocultos. N\u00e3o h\u00e1 na for\u00e7a-tarefa documentos secretos ou insindic\u00e1veis das Corregedorias.<\/em><\/p>\n\n\n\n<p><em>Os documentos est\u00e3o registrados nos sistemas eletr\u00f4nicos da Justi\u00e7a Federal ou do Minist\u00e9rio P\u00fablico Federal e podem ser acessados em correi\u00e7\u00f5es ordin\u00e1rias e extraordin\u00e1rias. As investiga\u00e7\u00f5es e processos s\u00e3o ainda avaliados pelas Corregedorias e pelo Poder Judici\u00e1rio, pelos advogados de investigados e r\u00e9us e pela sociedade.<\/em><\/p>\n\n\n\n<p><em>3. A extens\u00e3o da base de dados s\u00f3 revela a amplitude do trabalho at\u00e9 hoje realizado na opera\u00e7\u00e3o Lava Jato e a necessidade de uma estrutura compat\u00edvel.<\/em><\/p>\n\n\n\n<p><em>Ao longo de mais de setenta fases ostensivas e seis anos de investiga\u00e7\u00e3o foi colhida grande quantidade de m\u00eddias de dados &#8211; como discos r\u00edgidos, smartphones e pendrives &#8211; sempre em estrita observ\u00e2ncia \u00e0s formalidades legais, vinculada a procedimentos espec\u00edficos devidamente instaurados.<\/em><\/p>\n\n\n\n<p><em>Para que se tenha ideia, por vezes apenas um computador pessoal apreendido possui mais de 1 terabyte de informa\u00e7\u00f5es.<\/em><\/p>\n\n\n\n<p><em>4. \u00c9 falsa a suposi\u00e7\u00e3o de que 38 mil pessoas foram escolhidas pela for\u00e7a-tarefa para serem investigadas, pois esse \u00e9 o n\u00famero de pessoas f\u00edsicas e jur\u00eddicas mencionadas em Relat\u00f3rios de Intelig\u00eancia Financeira encaminhados pelo Conselho de Controle de Atividades Financeiras (COAF) ao Minist\u00e9rio P\u00fablico Federal, a partir do exerc\u00edcio regular do seu trabalho de supervis\u00e3o de atividades suspeitas de lavagem de dinheiro.<\/em><\/p>\n\n\n\n<p><em>5. Investiga\u00e7\u00f5es de crimes graves que envolvem pol\u00edticos e grandes empres\u00e1rios desagradam, por evidente, parcela influente de nossa sociedade, que lan\u00e7a m\u00e3o de todos os meios para desacreditar o trabalho at\u00e9 ent\u00e3o realizado com sucesso.<\/em><\/p>\n\n\n\n<p><em>Nesse contexto, \u00e9 essencial que as Institui\u00e7\u00f5es garantam a independ\u00eancia funcional dos membros do Minist\u00e9rio P\u00fablico, conforme lhes foi assegurado pela Constitui\u00e7\u00e3o de 1988&#8243;.<\/em><\/p>\n\n\n\n<p>COM G1<\/p>\n","protected":false},"excerpt":{"rendered":"<p>A for\u00e7a-tarefa da opera\u00e7\u00e3o Lava Jato, em Curitiba, repudiou, na tarde desta quarta-feira (29), as declara\u00e7\u00f5es dadas pelo procurador-geral da Rep\u00fablica,\u00a0Augusto Aras, que afirmou em&hellip; <\/p>\n","protected":false},"author":1,"featured_media":181256,"comment_status":"closed","ping_status":"closed","sticky":false,"template":"","format":"standard","meta":{"sfsi_plus_gutenberg_text_before_share":"","sfsi_plus_gutenberg_show_text_before_share":"","sfsi_plus_gutenberg_icon_type":"","sfsi_plus_gutenberg_icon_alignemt":"","sfsi_plus_gutenburg_max_per_row":"","footnotes":""},"categories":[11],"tags":[],"class_list":["post-181235","post","type-post","status-publish","format-standard","has-post-thumbnail","hentry","category-politica"],"_links":{"self":[{"href":"https:\/\/www.caririemacao.com\/1\/wp-json\/wp\/v2\/posts\/181235","targetHints":{"allow":["GET"]}}],"collection":[{"href":"https:\/\/www.caririemacao.com\/1\/wp-json\/wp\/v2\/posts"}],"about":[{"href":"https:\/\/www.caririemacao.com\/1\/wp-json\/wp\/v2\/types\/post"}],"author":[{"embeddable":true,"href":"https:\/\/www.caririemacao.com\/1\/wp-json\/wp\/v2\/users\/1"}],"replies":[{"embeddable":true,"href":"https:\/\/www.caririemacao.com\/1\/wp-json\/wp\/v2\/comments?post=181235"}],"version-history":[{"count":1,"href":"https:\/\/www.caririemacao.com\/1\/wp-json\/wp\/v2\/posts\/181235\/revisions"}],"predecessor-version":[{"id":181257,"href":"https:\/\/www.caririemacao.com\/1\/wp-json\/wp\/v2\/posts\/181235\/revisions\/181257"}],"wp:featuredmedia":[{"embeddable":true,"href":"https:\/\/www.caririemacao.com\/1\/wp-json\/wp\/v2\/media\/181256"}],"wp:attachment":[{"href":"https:\/\/www.caririemacao.com\/1\/wp-json\/wp\/v2\/media?parent=181235"}],"wp:term":[{"taxonomy":"category","embeddable":true,"href":"https:\/\/www.caririemacao.com\/1\/wp-json\/wp\/v2\/categories?post=181235"},{"taxonomy":"post_tag","embeddable":true,"href":"https:\/\/www.caririemacao.com\/1\/wp-json\/wp\/v2\/tags?post=181235"}],"curies":[{"name":"wp","href":"https:\/\/api.w.org\/{rel}","templated":true}]}}