{"id":181238,"date":"2020-07-29T16:00:37","date_gmt":"2020-07-29T19:00:37","guid":{"rendered":"https:\/\/www.caririemacao.com\/1\/?p=181238"},"modified":"2020-07-29T16:00:37","modified_gmt":"2020-07-29T19:00:37","slug":"inscricoes-para-o-1o-show-de-talentos-online-de-monteiro-comecam-neste-sabado","status":"publish","type":"post","link":"https:\/\/www.caririemacao.com\/1\/2020\/07\/29\/inscricoes-para-o-1o-show-de-talentos-online-de-monteiro-comecam-neste-sabado\/","title":{"rendered":"Inscri\u00e7\u00f5es para o 1\u00ba Show de Talentos Online de Monteiro come\u00e7am neste s\u00e1bado"},"content":{"rendered":"\n<p>As inscri\u00e7\u00f5es, atrav\u00e9s do envio das artes, para o primeiro Show de Talentos online de Monteiro come\u00e7am neste s\u00e1bado.<\/p>\n\n\n\n<p>Promovido pela Prefeitura de Monteiro, atrav\u00e9s da secretaria de Desenvolvimento Social, o Show de Talentos tem o intuito de incentivar os jovens do munic\u00edpio, e ao mesmo tempo descobrir e mostrar estas novas personalidades.<\/p>\n\n\n\n<p>Em 2019 a popula\u00e7\u00e3o compareceu em peso \u00e0 Pra\u00e7a Jo\u00e3o Pessoa, palco escolhido para as apresenta\u00e7\u00f5es que emocionaram e encantaram o p\u00fablico. Com uma mesa de jurados composta de diversos nomes da cultura monteirense, mais de 30 jovens com uma qualidade expressiva mostraram suas apresenta\u00e7\u00f5es de canto, dan\u00e7a e instrumental, tanto em grupo quanto individuais. Com os mais variados ritmos os artistas se revezaram no palco e contagiaram o p\u00fablico que aplaudiu e vibrou.<\/p>\n\n\n\n<p>Os vencedores foram: Em primeiro lugar, Rafael Vin\u00edcius Cordeiro, que se apresentou com seu nome art\u00edstico Suelen, com um show de dan\u00e7a. O segundo lugar foi para Daydson Weyder &nbsp;com voz e viol\u00e3o, e em terceiro Maria Sara Vidal, tamb\u00e9m com um espet\u00e1culo de dan\u00e7a.<\/p>\n\n\n\n<p>Para esta edi\u00e7\u00e3o, existe uma grande expectativa, pois, o Show De Talentos acontecer\u00e1 atrav\u00e9s de transmiss\u00e3o via internet, com um novo conceito e uma nova forma de realizar esse evento.<\/p>\n\n\n\n<p>Para participar, os concorrentes devem seguir os t\u00f3picos abaixo:<\/p>\n\n\n\n<p>&#8211; Siga o instagram @eusoujovemmonteirense;<\/p>\n\n\n\n<p>&#8211; Para as categorias de Canto e Dan\u00e7a, grave um v\u00eddeo de at\u00e9 2 minutos, se apresentando e mostrando o seu talento.<\/p>\n\n\n\n<p>&#8211; Para as categorias de Desenho, poema e fotografia, nos envie uma imagem da sua arte.<\/p>\n\n\n\n<p>&#8211; Para ambas as categorias, entre em contato com @ eusoujovemmonteirense via direct e manda sua express\u00e3o de arte.<\/p>\n\n\n\n<p>&#8211; E fique de olho no @ eusoujovemmonteirense para n\u00e3o perder nenhuma novidade do evento.<\/p>\n\n\n\n<p>O cronograma acontecer\u00e1 da seguinte forma:<\/p>\n\n\n\n<p>01 a 06 de agosto &#8211; Envio das artes,<\/p>\n\n\n\n<p>07 a 12 de agosto \u2013 Per\u00edodo de disputa<\/p>\n\n\n\n<p>13 de agosto &#8211; divulga\u00e7\u00e3o do resultado final.<\/p>\n\n\n\n<p>Para cada categoria, o vencedor ser\u00e1 escolhido com base no n\u00famero de curtidas no seu post espec\u00edfico no feed. Em caso de empate, o vencedor ser\u00e1 escolhido com base na enquete feita nos stories do Instagram. Os v\u00eddeos mais curtidos ser\u00e3o premiados na live que encerrar\u00e1 a programa\u00e7\u00e3o do m\u00eas da juventude.<\/p>\n\n\n\n<p>Como premia\u00e7\u00e3o para os participantes, em ambas as categorias a premia\u00e7\u00e3o segue com:<\/p>\n\n\n\n<p>1\u00ba lugar R$ 200,00<\/p>\n\n\n\n<p>2\u00ba Lugar R$ 150,00<\/p>\n\n\n\n<p>3\u00ba Lugar R$ 100,00<\/p>\n","protected":false},"excerpt":{"rendered":"<p>As inscri\u00e7\u00f5es, atrav\u00e9s do envio das artes, para o primeiro Show de Talentos online de Monteiro come\u00e7am neste s\u00e1bado. Promovido pela Prefeitura de Monteiro, atrav\u00e9s&hellip; <\/p>\n","protected":false},"author":1,"featured_media":181240,"comment_status":"closed","ping_status":"closed","sticky":false,"template":"","format":"standard","meta":{"sfsi_plus_gutenberg_text_before_share":"","sfsi_plus_gutenberg_show_text_before_share":"","sfsi_plus_gutenberg_icon_type":"","sfsi_plus_gutenberg_icon_alignemt":"","sfsi_plus_gutenburg_max_per_row":"","footnotes":""},"categories":[6,50],"tags":[],"class_list":["post-181238","post","type-post","status-publish","format-standard","has-post-thumbnail","hentry","category-cidades","category-destaque"],"_links":{"self":[{"href":"https:\/\/www.caririemacao.com\/1\/wp-json\/wp\/v2\/posts\/181238","targetHints":{"allow":["GET"]}}],"collection":[{"href":"https:\/\/www.caririemacao.com\/1\/wp-json\/wp\/v2\/posts"}],"about":[{"href":"https:\/\/www.caririemacao.com\/1\/wp-json\/wp\/v2\/types\/post"}],"author":[{"embeddable":true,"href":"https:\/\/www.caririemacao.com\/1\/wp-json\/wp\/v2\/users\/1"}],"replies":[{"embeddable":true,"href":"https:\/\/www.caririemacao.com\/1\/wp-json\/wp\/v2\/comments?post=181238"}],"version-history":[{"count":1,"href":"https:\/\/www.caririemacao.com\/1\/wp-json\/wp\/v2\/posts\/181238\/revisions"}],"predecessor-version":[{"id":181241,"href":"https:\/\/www.caririemacao.com\/1\/wp-json\/wp\/v2\/posts\/181238\/revisions\/181241"}],"wp:featuredmedia":[{"embeddable":true,"href":"https:\/\/www.caririemacao.com\/1\/wp-json\/wp\/v2\/media\/181240"}],"wp:attachment":[{"href":"https:\/\/www.caririemacao.com\/1\/wp-json\/wp\/v2\/media?parent=181238"}],"wp:term":[{"taxonomy":"category","embeddable":true,"href":"https:\/\/www.caririemacao.com\/1\/wp-json\/wp\/v2\/categories?post=181238"},{"taxonomy":"post_tag","embeddable":true,"href":"https:\/\/www.caririemacao.com\/1\/wp-json\/wp\/v2\/tags?post=181238"}],"curies":[{"name":"wp","href":"https:\/\/api.w.org\/{rel}","templated":true}]}}