{"id":181239,"date":"2020-07-29T16:04:06","date_gmt":"2020-07-29T19:04:06","guid":{"rendered":"https:\/\/www.caririemacao.com\/1\/?p=181239"},"modified":"2020-07-29T16:04:06","modified_gmt":"2020-07-29T19:04:06","slug":"semana-do-agricultor-monteiro-investe-em-silagem-e-producao-chega-a-350-toneladas-no-1o-semestre","status":"publish","type":"post","link":"https:\/\/www.caririemacao.com\/1\/2020\/07\/29\/semana-do-agricultor-monteiro-investe-em-silagem-e-producao-chega-a-350-toneladas-no-1o-semestre\/","title":{"rendered":"Semana do Agricultor: Monteiro investe em silagem e produ\u00e7\u00e3o chega a 350 toneladas no 1\u00ba semestre"},"content":{"rendered":"\n<p>A Prefeitura de Monteiro, atrav\u00e9s da Secretaria de Agricultura Meio Ambiente e Desenvolvimento Sustent\u00e1vel, fechou o balan\u00e7o do primeiro semestre de 2020, da produ\u00e7\u00e3o e armazenamento de ra\u00e7\u00e3o, atrav\u00e9s do m\u00e9todo de ensilagem.<\/p>\n\n\n\n<p>A a\u00e7\u00e3o faz parte do programa \u201cMais Renda no Campo\u201d, implantado pela prefeita Anna Lorena, no in\u00edcio de 2018, no final do per\u00edodo chuvoso. Pela primeira vez na hist\u00f3ria do munic\u00edpio, os pequenos produtores tiveram oportunidade de se prevenir da seca. Durante o ano de 2019 foram produzidas 305 Toneladas.<\/p>\n\n\n\n<p>Este ano, a produ\u00e7\u00e3o j\u00e1 alcan\u00e7ou 352 Toneladas de ra\u00e7\u00e3o armazenada, somente no primeiro semestre. Mesmo com um ano \u201cbom de inverno\u201d na linguagem dos agricultores, \u00e9 preciso prevenir. A durabilidade da silagem ensacada \u00e9 de 18 a 24 meses, o que \u00e9 considerado um per\u00edodo longo e que permite fornecer volumoso ao rebanho durante todo o per\u00edodo seco do ano com certa tranquilidade.<\/p>\n\n\n\n<p>Anna Lorena afirmou que todos os pequenos produtores rurais, de forma consorciada, est\u00e3o sendo atendidos com a patrulha agr\u00edcola mecanizada, bastando para isso, o pr\u00e9vio comunicado \u00e0 Secretaria de Agricultura do munic\u00edpio.<\/p>\n\n\n\n<p>Anna Lorena afirmou que \u201cA produ\u00e7\u00e3o e reserva alimentar para os rebanhos \u00e9 vital para a sobreviv\u00eancia quando a colheita fica escassa, como em per\u00edodos de longa seca e estiagem. A ensilagem \u00e9 uma pr\u00e1tica que conserva ao m\u00e1ximo o valor nutritivo original da forragem, garantindo a quantidade e a qualidade da nossa produ\u00e7\u00e3o leiteira.\u201d Concluiu.<\/p>\n\n\n\n<p>Ascom<\/p>\n","protected":false},"excerpt":{"rendered":"<p>A Prefeitura de Monteiro, atrav\u00e9s da Secretaria de Agricultura Meio Ambiente e Desenvolvimento Sustent\u00e1vel, fechou o balan\u00e7o do primeiro semestre de 2020, da produ\u00e7\u00e3o e&hellip; <\/p>\n","protected":false},"author":1,"featured_media":181242,"comment_status":"closed","ping_status":"closed","sticky":false,"template":"","format":"standard","meta":{"sfsi_plus_gutenberg_text_before_share":"","sfsi_plus_gutenberg_show_text_before_share":"","sfsi_plus_gutenberg_icon_type":"","sfsi_plus_gutenberg_icon_alignemt":"","sfsi_plus_gutenburg_max_per_row":"","footnotes":""},"categories":[6,50],"tags":[],"class_list":["post-181239","post","type-post","status-publish","format-standard","has-post-thumbnail","hentry","category-cidades","category-destaque"],"_links":{"self":[{"href":"https:\/\/www.caririemacao.com\/1\/wp-json\/wp\/v2\/posts\/181239","targetHints":{"allow":["GET"]}}],"collection":[{"href":"https:\/\/www.caririemacao.com\/1\/wp-json\/wp\/v2\/posts"}],"about":[{"href":"https:\/\/www.caririemacao.com\/1\/wp-json\/wp\/v2\/types\/post"}],"author":[{"embeddable":true,"href":"https:\/\/www.caririemacao.com\/1\/wp-json\/wp\/v2\/users\/1"}],"replies":[{"embeddable":true,"href":"https:\/\/www.caririemacao.com\/1\/wp-json\/wp\/v2\/comments?post=181239"}],"version-history":[{"count":1,"href":"https:\/\/www.caririemacao.com\/1\/wp-json\/wp\/v2\/posts\/181239\/revisions"}],"predecessor-version":[{"id":181243,"href":"https:\/\/www.caririemacao.com\/1\/wp-json\/wp\/v2\/posts\/181239\/revisions\/181243"}],"wp:featuredmedia":[{"embeddable":true,"href":"https:\/\/www.caririemacao.com\/1\/wp-json\/wp\/v2\/media\/181242"}],"wp:attachment":[{"href":"https:\/\/www.caririemacao.com\/1\/wp-json\/wp\/v2\/media?parent=181239"}],"wp:term":[{"taxonomy":"category","embeddable":true,"href":"https:\/\/www.caririemacao.com\/1\/wp-json\/wp\/v2\/categories?post=181239"},{"taxonomy":"post_tag","embeddable":true,"href":"https:\/\/www.caririemacao.com\/1\/wp-json\/wp\/v2\/tags?post=181239"}],"curies":[{"name":"wp","href":"https:\/\/api.w.org\/{rel}","templated":true}]}}