{"id":181244,"date":"2020-07-29T16:07:08","date_gmt":"2020-07-29T19:07:08","guid":{"rendered":"https:\/\/www.caririemacao.com\/1\/?p=181244"},"modified":"2020-07-29T16:07:08","modified_gmt":"2020-07-29T19:07:08","slug":"semana-do-agricultor-prefeita-entrega-recuperacao-de-mais-de-150-estradas-de-terra-em-monteiro","status":"publish","type":"post","link":"https:\/\/www.caririemacao.com\/1\/2020\/07\/29\/semana-do-agricultor-prefeita-entrega-recuperacao-de-mais-de-150-estradas-de-terra-em-monteiro\/","title":{"rendered":"Semana do Agricultor: Prefeita entrega recupera\u00e7\u00e3o de mais de 150 estradas de terra em Monteiro"},"content":{"rendered":"\n<p>Em comemora\u00e7\u00e3o a SEMANA do Agricultor, a prefeita de Monteiro, Anna Lorena, divulgou na manh\u00e3 desta segunda-feira (27), o balan\u00e7o com o relat\u00f3rio das a\u00e7\u00f5es executadas durante o primeiro semestre do ano, no tocante a recupera\u00e7\u00e3o e manuten\u00e7\u00e3o das estradas vicinais do munic\u00edpio, que possui uma das maiores malhas vi\u00e1rias de estradas rurais do estado, espalhadas em quase 1 mil Km\u00b2 de \u00e1rea.<\/p>\n\n\n\n<p>Todo o trabalho foi acompanhado pelos presidentes de associa\u00e7\u00f5es das comunidades beneficiadas. \u201cO trabalho de manuten\u00e7\u00e3o das estradas da zona rural \u00e9 essencial, oferece mais qualidade no tr\u00e1fego de ve\u00edculos, d\u00e1 mais agilidade \u00e0s viagens, al\u00e9m de beneficiar toda a popula\u00e7\u00e3o que precisa desse trecho para se deslocar at\u00e9 a sede do munic\u00edpio\u201d, enfatizou Lorena.<\/p>\n\n\n\n<p>Segundo os dados apresentados pela SEAGRI, foram realizados servi\u00e7os de manuten\u00e7\u00e3o em 52 estradas de terra que receberam patrolamento, sendo priorizadas as art\u00e9rias principais e a recupera\u00e7\u00e3o de 74 trechos em que foram identificados atoleiros. Em 90% dos casos, os pequenos trechos de acesso \u00e0 resid\u00eancia dos moradores da zona rural tamb\u00e9m tiveram de ser recuperados.<\/p>\n\n\n\n<p>Ao mesmo tempo, que fazem os servi\u00e7os de patrolamento, cascalhamento, levantamento de leito nos pontos cr\u00edticos, abertura dos trechos mais estreitos e de caixas de conten\u00e7\u00e3o da \u00e1gua da chuva, foram realizados servi\u00e7os de nivelamento nos campos de futebol da zona rural.<\/p>\n\n\n\n<p>Anna Lorena afirmou que o trabalho de manuten\u00e7\u00e3o e recupera\u00e7\u00e3o das estradas rurais, foi intensificado neste ano de 2020 e dever\u00e1 seguir at\u00e9 o final do ano, j\u00e1 que o excesso de chuvas danificou v\u00e1rios trechos de acesso \u00e0 zona urbana. Mas a SEAGRI est\u00e1\u00a0 atenta \u00e0 solicita\u00e7\u00e3o de todas as associa\u00e7\u00f5es rurais e dentro do cronograma que foi estabelecido, os servi\u00e7os ser\u00e3o executados\u201d. Concluiu Anna Lorena.<\/p>\n\n\n\n<p>ASCOM<\/p>\n","protected":false},"excerpt":{"rendered":"<p>Em comemora\u00e7\u00e3o a SEMANA do Agricultor, a prefeita de Monteiro, Anna Lorena, divulgou na manh\u00e3 desta segunda-feira (27), o balan\u00e7o com o relat\u00f3rio das a\u00e7\u00f5es&hellip; <\/p>\n","protected":false},"author":1,"featured_media":181246,"comment_status":"closed","ping_status":"closed","sticky":false,"template":"","format":"standard","meta":{"sfsi_plus_gutenberg_text_before_share":"","sfsi_plus_gutenberg_show_text_before_share":"","sfsi_plus_gutenberg_icon_type":"","sfsi_plus_gutenberg_icon_alignemt":"","sfsi_plus_gutenburg_max_per_row":"","footnotes":""},"categories":[6,50],"tags":[],"class_list":["post-181244","post","type-post","status-publish","format-standard","has-post-thumbnail","hentry","category-cidades","category-destaque"],"_links":{"self":[{"href":"https:\/\/www.caririemacao.com\/1\/wp-json\/wp\/v2\/posts\/181244","targetHints":{"allow":["GET"]}}],"collection":[{"href":"https:\/\/www.caririemacao.com\/1\/wp-json\/wp\/v2\/posts"}],"about":[{"href":"https:\/\/www.caririemacao.com\/1\/wp-json\/wp\/v2\/types\/post"}],"author":[{"embeddable":true,"href":"https:\/\/www.caririemacao.com\/1\/wp-json\/wp\/v2\/users\/1"}],"replies":[{"embeddable":true,"href":"https:\/\/www.caririemacao.com\/1\/wp-json\/wp\/v2\/comments?post=181244"}],"version-history":[{"count":1,"href":"https:\/\/www.caririemacao.com\/1\/wp-json\/wp\/v2\/posts\/181244\/revisions"}],"predecessor-version":[{"id":181247,"href":"https:\/\/www.caririemacao.com\/1\/wp-json\/wp\/v2\/posts\/181244\/revisions\/181247"}],"wp:featuredmedia":[{"embeddable":true,"href":"https:\/\/www.caririemacao.com\/1\/wp-json\/wp\/v2\/media\/181246"}],"wp:attachment":[{"href":"https:\/\/www.caririemacao.com\/1\/wp-json\/wp\/v2\/media?parent=181244"}],"wp:term":[{"taxonomy":"category","embeddable":true,"href":"https:\/\/www.caririemacao.com\/1\/wp-json\/wp\/v2\/categories?post=181244"},{"taxonomy":"post_tag","embeddable":true,"href":"https:\/\/www.caririemacao.com\/1\/wp-json\/wp\/v2\/tags?post=181244"}],"curies":[{"name":"wp","href":"https:\/\/api.w.org\/{rel}","templated":true}]}}