{"id":181261,"date":"2020-07-30T08:56:24","date_gmt":"2020-07-30T11:56:24","guid":{"rendered":"https:\/\/www.caririemacao.com\/1\/?p=181261"},"modified":"2020-07-30T08:56:24","modified_gmt":"2020-07-30T11:56:24","slug":"bandidos-atacam-bancos-fazem-refens-causam-incendios-e-trocam-tiros-com-a-pm-no-interior-de-sp","status":"publish","type":"post","link":"https:\/\/www.caririemacao.com\/1\/2020\/07\/30\/bandidos-atacam-bancos-fazem-refens-causam-incendios-e-trocam-tiros-com-a-pm-no-interior-de-sp\/","title":{"rendered":"Bandidos atacam bancos, fazem ref\u00e9ns, causam inc\u00eandios e trocam tiros com a PM no interior de SP"},"content":{"rendered":"\n<p>Bandidos armados atacaram ag\u00eancias banc\u00e1rias em Botucatu (SP), a 235 quil\u00f4metros de SP, e levaram p\u00e2nico \u00e0 cidade no final da noite desta quarta-feira (29). Dois policiais ficaram feridos na troca de tiros com os criminosos, mas n\u00e3o correm risco de morrer.<\/p>\n\n\n\n<p>A a\u00e7\u00e3o come\u00e7ou por volta das 23h30, segundo informa\u00e7\u00f5es da pol\u00edcia, e durou mais de tr\u00eas horas.<\/p>\n\n\n\n<p>Pela manh\u00e3, em um novo tiroteio entre policiais e criminosos nos arredores da cidade, um suspeito ficou ferido ap\u00f3s ser baleado enquanto tentava fugir. O estado de sa\u00fade dele n\u00e3o foi informado.<\/p>\n\n\n\n<figure class=\"wp-block-image\"><img decoding=\"async\" data-src=\"https:\/\/s2.glbimg.com\/a6zRjTYP4smmgCJ3U7qVatDYEmo=\/0x0:1615x1107\/1008x0\/smart\/filters:strip_icc()\/i.s3.glbimg.com\/v1\/AUTH_59edd422c0c84a879bd37670ae4f538a\/internal_photos\/bs\/2020\/Q\/5\/xb6kaaR7mqBzf4WgPuSg\/bo.jpg\" alt=\"Bandidos atacam ag\u00eancias banc\u00e1rias em Botucatu \u2014 Foto: Reprodu\u00e7\u00e3o\" src=\"data:image\/svg+xml;base64,PHN2ZyB3aWR0aD0iMSIgaGVpZ2h0PSIxIiB4bWxucz0iaHR0cDovL3d3dy53My5vcmcvMjAwMC9zdmciPjwvc3ZnPg==\" class=\"lazyload\" \/><\/figure>\n\n\n\n<p>Bandidos atacam ag\u00eancias banc\u00e1rias em Botucatu \u2014 Foto: Reprodu\u00e7\u00e3o<\/p>\n\n\n\n<p>Pelo menos 40 criminosos mascarados, fortemente armados e com coletes \u00e0 prova de balas participaram do ataque em Botucatu. V\u00e1rios moradores foram feitos ref\u00e9ns, mas n\u00e3o h\u00e1 informa\u00e7\u00f5es sobre feridos, al\u00e9m dos dois policiais militares.<\/p>\n\n\n\n<p>Policiais do GOE (Grupo de Opera\u00e7\u00f5es Especiais) e da Rota foram acionados e est\u00e3o na cidade. Equipes da Pol\u00edcia Militar fazem patrulhamento pelas vias que d\u00e3o acesso ao munic\u00edpio, mas, por enquanto, ningu\u00e9m foi preso.<\/p>\n\n\n\n<figure class=\"wp-block-image\"><img decoding=\"async\" data-src=\"https:\/\/s03.video.glbimg.com\/x240\/8737414.jpg\" alt=\"Moradores registram inc\u00eandio causado por criminosos em Botucatu\" title=\"Moradores registram inc\u00eandio causado por criminosos em Botucatu\" src=\"data:image\/svg+xml;base64,PHN2ZyB3aWR0aD0iMSIgaGVpZ2h0PSIxIiB4bWxucz0iaHR0cDovL3d3dy53My5vcmcvMjAwMC9zdmciPjwvc3ZnPg==\" class=\"lazyload\" \/><\/figure>\n\n\n\n<p>00:00\/00:21<\/p>\n\n\n\n<p>Moradores registram inc\u00eandio causado por criminosos em Botucatu<\/p>\n\n\n\n<p>Em uma a\u00e7\u00e3o coordenada, bandidos atacaram simultaneamente pelo menos tr\u00eas ag\u00eancias banc\u00e1rias na regi\u00e3o central. Os criminosos usaram explosivos para destruir uma das ag\u00eancias. Nas outras foram encontrados explosivos n\u00e3o detonados. Equipes do Gate v\u00e3o at\u00e9 a cidade para recolher as dinamites.<\/p>\n\n\n\n<p>Em um v\u00eddeo registrado por moradores \u00e9 poss\u00edvel ver o fogo causado por uma das explos\u00f5es.&nbsp;<strong><em>(Veja acima)<\/em><\/strong><\/p>\n\n\n\n<figure class=\"wp-block-image\"><img decoding=\"async\" data-src=\"https:\/\/s02.video.glbimg.com\/x240\/8737393.jpg\" alt=\"Terror em Botucatu: bandidos atacam ag\u00eancias banc\u00e1rias e trocam tiros com a pol\u00edcia\" title=\"Terror em Botucatu: bandidos atacam ag\u00eancias banc\u00e1rias e trocam tiros com a pol\u00edcia\" src=\"data:image\/svg+xml;base64,PHN2ZyB3aWR0aD0iMSIgaGVpZ2h0PSIxIiB4bWxucz0iaHR0cDovL3d3dy53My5vcmcvMjAwMC9zdmciPjwvc3ZnPg==\" class=\"lazyload\" \/><\/figure>\n\n\n\n<p>00:00\/01:50<\/p>\n\n\n\n<p>Terror em Botucatu: bandidos atacam ag\u00eancias banc\u00e1rias e trocam tiros com a pol\u00edcia<\/p>\n\n\n\n<p>Moradores relataram intenso tiroteio em v\u00e1rios pontos da cidade que durou mais de duas horas.<\/p>\n\n\n\n<p>Os bandidos dispararam contra o batalh\u00e3o da PM e queimaram uma caminhonete na frente do pr\u00e9dio, para dificultar a sa\u00edda dos policiais. Na parede ficaram marcas dos tiros de fuzil.<\/p>\n\n\n\n<figure class=\"wp-block-image\"><img decoding=\"async\" data-src=\"https:\/\/s2.glbimg.com\/AqU6ELVGpaLBDYGGT_En7MCraK0=\/0x0:975x559\/984x0\/smart\/filters:strip_icc()\/i.s3.glbimg.com\/v1\/AUTH_59edd422c0c84a879bd37670ae4f538a\/internal_photos\/bs\/2020\/1\/A\/RbQshhSN2JGvv68E8irw\/whatsapp-image-2020-07-30-at-01.41.08.jpeg\" alt=\"Moradores foram feitos ref\u00e9ns pelos criminosos em Botucatu \u2014 Foto: Reprodu\u00e7\u00e3o\" src=\"data:image\/svg+xml;base64,PHN2ZyB3aWR0aD0iMSIgaGVpZ2h0PSIxIiB4bWxucz0iaHR0cDovL3d3dy53My5vcmcvMjAwMC9zdmciPjwvc3ZnPg==\" class=\"lazyload\" \/><\/figure>\n\n\n\n<p>Moradores foram feitos ref\u00e9ns pelos criminosos em Botucatu \u2014 Foto: Reprodu\u00e7\u00e3o<\/p>\n\n\n\n<p>Segundo informa\u00e7\u00f5es da concession\u00e1ria que administra as rodovias da regi\u00e3o, cinco ve\u00edculos foram incendiados pelos criminosos. Um deles foi uma carreta, na altura do quil\u00f4metro 264 da rodovia Marechal Rondon, sentido S\u00e3o Manuel.&nbsp;<strong><em>(Veja abaixo)<\/em><\/strong><\/p>\n\n\n\n<figure class=\"wp-block-image\"><img decoding=\"async\" data-src=\"https:\/\/s2.glbimg.com\/BBbg_M9PTgoO6FjdE3khGBE90MM=\/0x153:1280x804\/984x0\/smart\/filters:strip_icc()\/i.s3.glbimg.com\/v1\/AUTH_59edd422c0c84a879bd37670ae4f538a\/internal_photos\/bs\/2020\/Z\/Q\/jTnCnQRWGuEfDnM30DLw\/whatsapp-image-2020-07-30-at-01.31.29.jpeg\" alt=\"Imagem de inc\u00eandio provocado por criminosos em Botucatu \u2014 Foto: Arquivo pessoal\" src=\"data:image\/svg+xml;base64,PHN2ZyB3aWR0aD0iMSIgaGVpZ2h0PSIxIiB4bWxucz0iaHR0cDovL3d3dy53My5vcmcvMjAwMC9zdmciPjwvc3ZnPg==\" class=\"lazyload\" \/><\/figure>\n\n\n\n<p>Imagem de inc\u00eandio provocado por criminosos em Botucatu \u2014 Foto: Arquivo pessoal<\/p>\n\n\n\n<p>Outro caminh\u00e3o tamb\u00e9m foi incendiado na Rondon. J\u00e1 na rodovia Jo\u00e3o Hip\u00f3lito Mattos (Castelinho), os bandidos incendiaram tr\u00eas carros. Nenhum motorista ficou ferido e as rodovias j\u00e1 est\u00e3o liberadas.<\/p>\n\n\n\n<figure class=\"wp-block-image\"><img decoding=\"async\" data-src=\"https:\/\/s03.video.glbimg.com\/x240\/8737406.jpg\" alt=\"Criminosos incendenaim carreta na rodovia Marechal Rondon\" title=\"Criminosos incendenaim carreta na rodovia Marechal Rondon\" src=\"data:image\/svg+xml;base64,PHN2ZyB3aWR0aD0iMSIgaGVpZ2h0PSIxIiB4bWxucz0iaHR0cDovL3d3dy53My5vcmcvMjAwMC9zdmciPjwvc3ZnPg==\" class=\"lazyload\" \/><\/figure>\n\n\n\n<p>00:00\/01:02<\/p>\n\n\n\n<p>Criminosos incendenaim carreta na rodovia Marechal Rondon<\/p>\n\n\n\n<p>A a\u00e7\u00e3o criminosa em Botucatu fez a cidade, de pouco mais de 115 mil habitantes, ser um dos assuntos mais comentados no Twitter na madrugada desta quinta-feira (30).<\/p>\n\n\n\n<p>A p\u00e1gina da Prefeitura de Botucatu no Facebook publicou um comunicado orientando que moradores fiquem trancados em suas casas.<\/p>\n\n\n\n<p>&#8220;A Prefeitura de Botucatu solicita a todos os mun\u00edcipes que durante esta madrugada permane\u00e7am em suas casas e n\u00e3o procurem poss\u00edveis pontos danificados pela cidade, para que isso n\u00e3o coloque em risco a seguran\u00e7a de todos e n\u00e3o interfira no trabalho das for\u00e7as de seguran\u00e7a.&#8221;<\/p>\n\n\n\n<p>COM G1<\/p>\n","protected":false},"excerpt":{"rendered":"<p>Bandidos armados atacaram ag\u00eancias banc\u00e1rias em Botucatu (SP), a 235 quil\u00f4metros de SP, e levaram p\u00e2nico \u00e0 cidade no final da noite desta quarta-feira (29).&hellip; <\/p>\n","protected":false},"author":1,"featured_media":181263,"comment_status":"closed","ping_status":"closed","sticky":false,"template":"","format":"standard","meta":{"sfsi_plus_gutenberg_text_before_share":"","sfsi_plus_gutenberg_show_text_before_share":"","sfsi_plus_gutenberg_icon_type":"","sfsi_plus_gutenberg_icon_alignemt":"","sfsi_plus_gutenburg_max_per_row":"","footnotes":""},"categories":[6,12],"tags":[],"class_list":["post-181261","post","type-post","status-publish","format-standard","has-post-thumbnail","hentry","category-cidades","category-policia"],"_links":{"self":[{"href":"https:\/\/www.caririemacao.com\/1\/wp-json\/wp\/v2\/posts\/181261","targetHints":{"allow":["GET"]}}],"collection":[{"href":"https:\/\/www.caririemacao.com\/1\/wp-json\/wp\/v2\/posts"}],"about":[{"href":"https:\/\/www.caririemacao.com\/1\/wp-json\/wp\/v2\/types\/post"}],"author":[{"embeddable":true,"href":"https:\/\/www.caririemacao.com\/1\/wp-json\/wp\/v2\/users\/1"}],"replies":[{"embeddable":true,"href":"https:\/\/www.caririemacao.com\/1\/wp-json\/wp\/v2\/comments?post=181261"}],"version-history":[{"count":1,"href":"https:\/\/www.caririemacao.com\/1\/wp-json\/wp\/v2\/posts\/181261\/revisions"}],"predecessor-version":[{"id":181264,"href":"https:\/\/www.caririemacao.com\/1\/wp-json\/wp\/v2\/posts\/181261\/revisions\/181264"}],"wp:featuredmedia":[{"embeddable":true,"href":"https:\/\/www.caririemacao.com\/1\/wp-json\/wp\/v2\/media\/181263"}],"wp:attachment":[{"href":"https:\/\/www.caririemacao.com\/1\/wp-json\/wp\/v2\/media?parent=181261"}],"wp:term":[{"taxonomy":"category","embeddable":true,"href":"https:\/\/www.caririemacao.com\/1\/wp-json\/wp\/v2\/categories?post=181261"},{"taxonomy":"post_tag","embeddable":true,"href":"https:\/\/www.caririemacao.com\/1\/wp-json\/wp\/v2\/tags?post=181261"}],"curies":[{"name":"wp","href":"https:\/\/api.w.org\/{rel}","templated":true}]}}