{"id":181262,"date":"2020-07-30T09:08:54","date_gmt":"2020-07-30T12:08:54","guid":{"rendered":"https:\/\/www.caririemacao.com\/1\/?p=181262"},"modified":"2020-07-30T09:08:54","modified_gmt":"2020-07-30T12:08:54","slug":"auxilio-emergencial-caixa-paga-4a-parcela-a-19-milhao-de-beneficiarios-do-bolsa-familia-com-nis-final-9-nesta-quinta","status":"publish","type":"post","link":"https:\/\/www.caririemacao.com\/1\/2020\/07\/30\/auxilio-emergencial-caixa-paga-4a-parcela-a-19-milhao-de-beneficiarios-do-bolsa-familia-com-nis-final-9-nesta-quinta\/","title":{"rendered":"Aux\u00edlio Emergencial: Caixa paga 4\u00aa parcela a 1,9 milh\u00e3o de benefici\u00e1rios do Bolsa Fam\u00edlia com NIS final 9 nesta quinta"},"content":{"rendered":"\n<p>A\u00a0Caixa Econ\u00f4mica Federal\u00a0(CEF) paga nesta quinta-feira (30) a quarta parcela do\u00a0Aux\u00edlio Emergencial\u00a0para 1,9 milh\u00e3o\u00a0benefici\u00e1rios do Bolsa Fam\u00edlia qualificados no programa, cujo n\u00famero do NIS termina em 9. Os pagamentos para esse grupo s\u00e3o feitos da mesma forma que o\u00a0<a href=\"https:\/\/g1.globo.com\/tudo-sobre\/bolsa-familia\/\">Bolsa<\/a>.<\/p>\n\n\n\n<p><strong>Veja o calend\u00e1rio:<\/strong><\/p>\n\n\n\n<figure class=\"wp-block-image\"><img decoding=\"async\" data-src=\"https:\/\/s2.glbimg.com\/VkzNStUm1LGMy8maqvKN-Ly3K-o=\/0x0:1340x1154\/984x0\/smart\/filters:strip_icc()\/i.s3.glbimg.com\/v1\/AUTH_59edd422c0c84a879bd37670ae4f538a\/internal_photos\/bs\/2020\/T\/8\/g1hCqcSNiB8EBuAKUxnA\/2cqbu-pagamento-aos-benefici-rios-do-bolsa-fam-lia-1-.png\" alt=\"Bolsa Fam\u00edlia, Parcela 4 \u2014 Foto: Economia G1\" src=\"data:image\/svg+xml;base64,PHN2ZyB3aWR0aD0iMSIgaGVpZ2h0PSIxIiB4bWxucz0iaHR0cDovL3d3dy53My5vcmcvMjAwMC9zdmciPjwvc3ZnPg==\" class=\"lazyload\" \/><\/figure>\n\n\n\n<p>Bolsa Fam\u00edlia, Parcela 4 \u2014 Foto: Economia G1<\/p>\n\n\n\n<h2 class=\"wp-block-heading\">Demais trabalhadores<\/h2>\n\n\n\n<p>Para os demais benefici\u00e1rios do Aux\u00edlio Emergencial,\u00a0a quarta parcela come\u00e7ou a ser paga no \u00faltimo dia 22. A data \u00e9 para aqueles que est\u00e3o no Cadastro \u00danico, e para os inscritos por meio do aplicativo e do site que receberam a primeira parcela at\u00e9 30 de abril.<\/p>\n\n\n\n<p>Os demais aprovados tamb\u00e9m receberam a partir de 22 de julho: aprovados no segundo lote receberam a terceira parcela; aprovados no terceiro e quarto lotes receberam a segunda; e novos aprovados receberam o primeiro pagamento.<\/p>\n\n\n\n<p>O calend\u00e1rio de pagamentos deste ciclo segue o m\u00eas do anivers\u00e1rio do benefici\u00e1rio, e o calend\u00e1rio segue at\u00e9 26 de agosto.\u00a0Veja o calend\u00e1rio completo.<\/p>\n\n\n\n<p>Os trabalhadores podem consultar a situa\u00e7\u00e3o do benef\u00edcio pelo aplicativo do aux\u00edlio emergencial ou pelo site&nbsp;<a href=\"http:\/\/auxilio.caixa.gov.br\/\" target=\"_blank\" rel=\"noreferrer noopener\">auxilio.caixa.gov.br<\/a>.<\/p>\n\n\n\n<figure class=\"wp-block-image\"><img decoding=\"async\" data-src=\"https:\/\/s03.video.glbimg.com\/x240\/8717002.jpg\" alt=\"Pesquisa mostra que brasileiros usaram aux\u00edlio emergencial para pagar \u00e1gua e luz\" title=\"Pesquisa mostra que brasileiros usaram aux\u00edlio emergencial para pagar \u00e1gua e luz\" src=\"data:image\/svg+xml;base64,PHN2ZyB3aWR0aD0iMSIgaGVpZ2h0PSIxIiB4bWxucz0iaHR0cDovL3d3dy53My5vcmcvMjAwMC9zdmciPjwvc3ZnPg==\" class=\"lazyload\" \/><\/figure>\n\n\n\n<p>00:00\/02:53<\/p>\n\n\n\n<p>COM G1<\/p>\n","protected":false},"excerpt":{"rendered":"<p>A\u00a0Caixa Econ\u00f4mica Federal\u00a0(CEF) paga nesta quinta-feira (30) a quarta parcela do\u00a0Aux\u00edlio Emergencial\u00a0para 1,9 milh\u00e3o\u00a0benefici\u00e1rios do Bolsa Fam\u00edlia qualificados no programa, cujo n\u00famero do NIS termina&hellip; <\/p>\n","protected":false},"author":1,"featured_media":179648,"comment_status":"closed","ping_status":"closed","sticky":false,"template":"","format":"standard","meta":{"sfsi_plus_gutenberg_text_before_share":"","sfsi_plus_gutenberg_show_text_before_share":"","sfsi_plus_gutenberg_icon_type":"","sfsi_plus_gutenberg_icon_alignemt":"","sfsi_plus_gutenburg_max_per_row":"","footnotes":""},"categories":[50],"tags":[],"class_list":["post-181262","post","type-post","status-publish","format-standard","has-post-thumbnail","hentry","category-destaque"],"_links":{"self":[{"href":"https:\/\/www.caririemacao.com\/1\/wp-json\/wp\/v2\/posts\/181262","targetHints":{"allow":["GET"]}}],"collection":[{"href":"https:\/\/www.caririemacao.com\/1\/wp-json\/wp\/v2\/posts"}],"about":[{"href":"https:\/\/www.caririemacao.com\/1\/wp-json\/wp\/v2\/types\/post"}],"author":[{"embeddable":true,"href":"https:\/\/www.caririemacao.com\/1\/wp-json\/wp\/v2\/users\/1"}],"replies":[{"embeddable":true,"href":"https:\/\/www.caririemacao.com\/1\/wp-json\/wp\/v2\/comments?post=181262"}],"version-history":[{"count":1,"href":"https:\/\/www.caririemacao.com\/1\/wp-json\/wp\/v2\/posts\/181262\/revisions"}],"predecessor-version":[{"id":181268,"href":"https:\/\/www.caririemacao.com\/1\/wp-json\/wp\/v2\/posts\/181262\/revisions\/181268"}],"wp:featuredmedia":[{"embeddable":true,"href":"https:\/\/www.caririemacao.com\/1\/wp-json\/wp\/v2\/media\/179648"}],"wp:attachment":[{"href":"https:\/\/www.caririemacao.com\/1\/wp-json\/wp\/v2\/media?parent=181262"}],"wp:term":[{"taxonomy":"category","embeddable":true,"href":"https:\/\/www.caririemacao.com\/1\/wp-json\/wp\/v2\/categories?post=181262"},{"taxonomy":"post_tag","embeddable":true,"href":"https:\/\/www.caririemacao.com\/1\/wp-json\/wp\/v2\/tags?post=181262"}],"curies":[{"name":"wp","href":"https:\/\/api.w.org\/{rel}","templated":true}]}}