{"id":181276,"date":"2020-07-30T09:32:24","date_gmt":"2020-07-30T12:32:24","guid":{"rendered":"https:\/\/www.caririemacao.com\/1\/?p=181276"},"modified":"2020-07-30T09:32:24","modified_gmt":"2020-07-30T12:32:24","slug":"brasil-ultrapassa-90-mil-mortes-pelo-coronavirus-e-25-milhoes-de-casos","status":"publish","type":"post","link":"https:\/\/www.caririemacao.com\/1\/2020\/07\/30\/brasil-ultrapassa-90-mil-mortes-pelo-coronavirus-e-25-milhoes-de-casos\/","title":{"rendered":"Brasil ultrapassa 90 mil mortes pelo coronav\u00edrus e 2,5 milh\u00f5es de casos"},"content":{"rendered":"\n<p>O Brasil tem&nbsp;<strong>90.212 mortes por coronav\u00edrus confirmadas at\u00e9 as 8h desta quinta-feira (30)<\/strong>, segundo levantamento do cons\u00f3rcio de ve\u00edculos de imprensa a partir de dados das secretarias estaduais de Sa\u00fade.<\/p>\n\n\n\n<p>Desde o\u00a0balan\u00e7o das 20h de quarta-feira (29), 4 estados atualizaram seus dados: GO, PI, RN e RR.<\/p>\n\n\n\n<p>Veja os n\u00fameros consolidados:<\/p>\n\n\n\n<ul class=\"wp-block-list\"><li><strong>90.212 mortes confirmadas<\/strong><\/li><li><strong>2.556.207 casos confirmados<\/strong><\/li><\/ul>\n\n\n\n<p>Na quarta-feira (29), \u00e0s 20h, o balan\u00e7o indicou:\u00a090.188 mortes, 1.554 em 24 horas. Com isso, a m\u00e9dia m\u00f3vel de novas mortes no Brasil nos \u00faltimos 7 dias foi de 1.043 \u00f3bitos, uma varia\u00e7\u00e3o de -4% em rela\u00e7\u00e3o aos dados registrados em 14 dias.<\/p>\n\n\n\n<p>Sobre os infectados, eram 2.555.518 brasileiros com o novo coronav\u00edrus, 70.869 confirmados no \u00faltimo per\u00edodo. A m\u00e9dia m\u00f3vel de casos foi de 46.235 por dia, uma varia\u00e7\u00e3o de 27% em rela\u00e7\u00e3o aos casos registrados em 14 dias.<\/p>\n\n\n\n<p>O n\u00famero de \u00f3bitos registrados em 24 horas foi recorde e foi impulsionado pelo estado de S\u00e3o Paulo, que\u00a0somou as mortes de ter\u00e7a (28) e quarta (29) por conta de n\u00e3o ter divulgado um boletim.<\/p>\n\n\n\n<h2 class=\"wp-block-heading\">Progress\u00e3o at\u00e9 29 de julho<\/h2>\n\n\n\n<p>No total, 6 estados apresentaram alta de mortes: RS, SC, GO, MS, RR e TO.<\/p>\n\n\n\n<p>Em rela\u00e7\u00e3o aos dados de ter\u00e7a-feira (28),\u00a0MG, DF e RO n\u00e3o est\u00e3o com a m\u00e9dia de mortes subindo.<\/p>\n\n\n\n<p><strong>Veja como o n\u00famero de novas mortes tem variado nas \u00faltimas duas semanas:<\/strong><\/p>\n\n\n\n<ul class=\"wp-block-list\"><li><strong>Subindo:<\/strong>&nbsp;RS, SC, GO, MS, RR e TO.<\/li><li><strong>Em estabilidade, ou seja, o n\u00famero de mortes n\u00e3o caiu nem subiu significativamente:<\/strong>&nbsp;PR, ES, MG, RJ, SP, DF, MT, AC, RO, BA, CE e SE.<\/li><li><strong>Em queda:&nbsp;<\/strong>AM, AP, PA, AL, MA, PB, PE, PI e RN.<\/li><\/ul>\n\n\n\n<p>Essa compara\u00e7\u00e3o leva em conta a m\u00e9dia de mortes nos \u00faltimos 7 dias at\u00e9 a publica\u00e7\u00e3o deste balan\u00e7o em rela\u00e7\u00e3o \u00e0 m\u00e9dia registrada duas semanas atr\u00e1s (entenda os crit\u00e9rios usados pelo G1 para analisar as tend\u00eancias da pandemia).<\/p>\n\n\n\n<figure class=\"wp-block-image\"><img decoding=\"async\" data-src=\"https:\/\/s2.glbimg.com\/IdI1f7-7CBBN_3j2BLdLoVkpD1M=\/0x0:650x727\/984x0\/smart\/filters:strip_icc()\/i.s3.glbimg.com\/v1\/AUTH_59edd422c0c84a879bd37670ae4f538a\/internal_photos\/bs\/2020\/U\/A\/DfAoD3QwaVjL59U8SddQ\/subindo-2907-graficos-mediamovel-mortes20h.png\" alt=\"Estados com m\u00e9dia de mortes subindo \u2014 Foto: Arte G1\" src=\"data:image\/svg+xml;base64,PHN2ZyB3aWR0aD0iMSIgaGVpZ2h0PSIxIiB4bWxucz0iaHR0cDovL3d3dy53My5vcmcvMjAwMC9zdmciPjwvc3ZnPg==\" class=\"lazyload\" \/><\/figure>\n\n\n\n<p>Estados com m\u00e9dia de mortes subindo \u2014 Foto: Arte G1<\/p>\n\n\n\n<figure class=\"wp-block-image\"><img decoding=\"async\" data-src=\"https:\/\/s2.glbimg.com\/DZaWp1ia6u8acnvYWIMWEwBZi_U=\/0x0:650x1498\/984x0\/smart\/filters:strip_icc()\/i.s3.glbimg.com\/v1\/AUTH_59edd422c0c84a879bd37670ae4f538a\/internal_photos\/bs\/2020\/T\/J\/d50E1rRliFi1CuNu0Tww\/estabilidade-2907-graficos-mediamovel-mortes20h.png\" alt=\"Estados com a m\u00e9dia de mortes em estabilidade \u2014 Foto: Arte G1\" src=\"data:image\/svg+xml;base64,PHN2ZyB3aWR0aD0iMSIgaGVpZ2h0PSIxIiB4bWxucz0iaHR0cDovL3d3dy53My5vcmcvMjAwMC9zdmciPjwvc3ZnPg==\" class=\"lazyload\" \/><\/figure>\n\n\n\n<p>Estados com a m\u00e9dia de mortes em estabilidade \u2014 Foto: Arte G1<\/p>\n\n\n\n<figure class=\"wp-block-image\"><img decoding=\"async\" data-src=\"https:\/\/s2.glbimg.com\/U8zQRtuiMi8gse64qGR6BN80pUM=\/0x0:650x965\/984x0\/smart\/filters:strip_icc()\/i.s3.glbimg.com\/v1\/AUTH_59edd422c0c84a879bd37670ae4f538a\/internal_photos\/bs\/2020\/D\/b\/iVvp0OQFe24tAUsQcSiw\/queda-2907-graficos-mediamovel-mortes20h.png\" alt=\"Estados com m\u00e9dia de mortes em queda \u2014 Foto: Arte G1\" src=\"data:image\/svg+xml;base64,PHN2ZyB3aWR0aD0iMSIgaGVpZ2h0PSIxIiB4bWxucz0iaHR0cDovL3d3dy53My5vcmcvMjAwMC9zdmciPjwvc3ZnPg==\" class=\"lazyload\" \/><\/figure>\n\n\n\n<p>Estados com m\u00e9dia de mortes em queda \u2014 Foto: Arte G1<\/p>\n\n\n\n<p><strong>Sul<\/strong><\/p>\n\n\n\n<ul class=\"wp-block-list\"><li>PR: +4%<\/li><li>RS: +30%<\/li><li>SC: +68%<\/li><\/ul>\n\n\n\n<p><strong>Sudeste<\/strong><\/p>\n\n\n\n<ul class=\"wp-block-list\"><li>ES: -12%<\/li><li>MG: +14%<\/li><li>RJ: +3%<\/li><li>SP: -3%<\/li><\/ul>\n\n\n\n<p><strong>Centro-Oeste<\/strong><\/p>\n\n\n\n<ul class=\"wp-block-list\"><li>DF: +14%<\/li><li>GO: +42%<\/li><li>MS: +55%<\/li><li>MT: -11%<\/li><\/ul>\n\n\n\n<p><strong>Norte<\/strong><\/p>\n\n\n\n<ul class=\"wp-block-list\"><li>AC: +11%<\/li><li>AM: -42%<\/li><li>AP: -42%<\/li><li>PA: -63%<\/li><li>RO: +5%<\/li><li>RR: +91%<\/li><li>TO: +29%<\/li><\/ul>\n\n\n\n<p><strong>Nordeste<\/strong><\/p>\n\n\n\n<ul class=\"wp-block-list\"><li>AL: -18%<\/li><li>BA: -9%<\/li><li>CE: -13%<\/li><li>MA: -33%<\/li><li>PB: -17%<\/li><li>PE: -22%<\/li><li>PI: -27%<\/li><li>RN: -35%<\/li><li>SE: +5%<\/li><\/ul>\n\n\n\n<h2 class=\"wp-block-heading\">Cons\u00f3rcio de ve\u00edculos de imprensa<\/h2>\n\n\n\n<p>Os dados sobre casos e mortes de coronav\u00edrus no Brasil foram obtidos ap\u00f3s uma parceria in\u00e9dita entre&nbsp;<strong>G1<\/strong>, O Globo, Extra, O Estado de S.Paulo, Folha de S.Paulo e UOL, que passaram a trabalhar, desde o dia 8 de junho, de forma colaborativa para reunir as informa\u00e7\u00f5es necess\u00e1rias nos 26 estados e no Distrito Federal (<a href=\"https:\/\/g1.globo.com\/politica\/noticia\/2020\/06\/08\/veiculos-de-comunicacao-formam-parceria-para-dar-transparencia-a-dados-de-covid-19.ghtml\">saiba mais<\/a>).<\/p>\n","protected":false},"excerpt":{"rendered":"<p>O Brasil tem&nbsp;90.212 mortes por coronav\u00edrus confirmadas at\u00e9 as 8h desta quinta-feira (30), segundo levantamento do cons\u00f3rcio de ve\u00edculos de imprensa a partir de dados&hellip; <\/p>\n","protected":false},"author":1,"featured_media":181284,"comment_status":"closed","ping_status":"closed","sticky":false,"template":"","format":"standard","meta":{"sfsi_plus_gutenberg_text_before_share":"","sfsi_plus_gutenberg_show_text_before_share":"","sfsi_plus_gutenberg_icon_type":"","sfsi_plus_gutenberg_icon_alignemt":"","sfsi_plus_gutenburg_max_per_row":"","footnotes":""},"categories":[50],"tags":[],"class_list":["post-181276","post","type-post","status-publish","format-standard","has-post-thumbnail","hentry","category-destaque"],"_links":{"self":[{"href":"https:\/\/www.caririemacao.com\/1\/wp-json\/wp\/v2\/posts\/181276","targetHints":{"allow":["GET"]}}],"collection":[{"href":"https:\/\/www.caririemacao.com\/1\/wp-json\/wp\/v2\/posts"}],"about":[{"href":"https:\/\/www.caririemacao.com\/1\/wp-json\/wp\/v2\/types\/post"}],"author":[{"embeddable":true,"href":"https:\/\/www.caririemacao.com\/1\/wp-json\/wp\/v2\/users\/1"}],"replies":[{"embeddable":true,"href":"https:\/\/www.caririemacao.com\/1\/wp-json\/wp\/v2\/comments?post=181276"}],"version-history":[{"count":1,"href":"https:\/\/www.caririemacao.com\/1\/wp-json\/wp\/v2\/posts\/181276\/revisions"}],"predecessor-version":[{"id":181285,"href":"https:\/\/www.caririemacao.com\/1\/wp-json\/wp\/v2\/posts\/181276\/revisions\/181285"}],"wp:featuredmedia":[{"embeddable":true,"href":"https:\/\/www.caririemacao.com\/1\/wp-json\/wp\/v2\/media\/181284"}],"wp:attachment":[{"href":"https:\/\/www.caririemacao.com\/1\/wp-json\/wp\/v2\/media?parent=181276"}],"wp:term":[{"taxonomy":"category","embeddable":true,"href":"https:\/\/www.caririemacao.com\/1\/wp-json\/wp\/v2\/categories?post=181276"},{"taxonomy":"post_tag","embeddable":true,"href":"https:\/\/www.caririemacao.com\/1\/wp-json\/wp\/v2\/tags?post=181276"}],"curies":[{"name":"wp","href":"https:\/\/api.w.org\/{rel}","templated":true}]}}