{"id":181280,"date":"2020-07-30T09:31:57","date_gmt":"2020-07-30T12:31:57","guid":{"rendered":"https:\/\/www.caririemacao.com\/1\/?p=181280"},"modified":"2020-07-30T09:31:57","modified_gmt":"2020-07-30T12:31:57","slug":"reabertura-das-agencias-do-inss-e-adiada","status":"publish","type":"post","link":"https:\/\/www.caririemacao.com\/1\/2020\/07\/30\/reabertura-das-agencias-do-inss-e-adiada\/","title":{"rendered":"Reabertura das ag\u00eancias do INSS \u00e9 adiada"},"content":{"rendered":"\n<h1 class=\"wp-block-heading\"><\/h1>\n\n\n\n<p>O Instituto Nacional do Seguro Social (INSS) publicou hoje (29), no Di\u00e1rio Oficial da Uni\u00e3o, portaria que adia para o pr\u00f3ximo dia 24 a reabertura gradual de suas ag\u00eancias f\u00edsicas em todo o pa\u00eds, devido \u00e0 pandemia do novo coronav\u00edrus.<\/p>\n\n\n\n<p>A Portaria 36 resulta de decis\u00e3o conjunta da Secretaria Especial de Previd\u00eancia e Trabalho, do Minist\u00e9rio da Economia, e do INSS.<\/p>\n\n\n\n<p>O retorno das atividades presenciais estava previsto para a pr\u00f3xima segunda-feira (3). Os servi\u00e7os, entretanto, continuar\u00e3o a ser feitos exclusivamente de forma remota, at\u00e9 o dia 21 de agosto, pela Central Telef\u00f4nica 135, pelo aplicativo e pelo portal Meu INSS.<\/p>\n\n\n\n<p>O atendimento remoto ter\u00e1 continuidade depois da reabertura das ag\u00eancias, destacou o instituto.<\/p>\n\n\n\n<p>Segundo o INSS, o objetivo \u00e9 evitar a aglomera\u00e7\u00e3o de pessoas. Quando as atividades presenciais forem reiniciadas, ter\u00e3o prioridade os servi\u00e7os de per\u00edcia m\u00e9dica, avalia\u00e7\u00e3o social, cumprimento de exig\u00eancia, justifica\u00e7\u00e3o administrativa e reabilita\u00e7\u00e3o profissional.<\/p>\n\n\n\n<p>Ser\u00e3o retomados tamb\u00e9m a justifica\u00e7\u00e3o judicial e o atendimento relacionado ao monitoramento operacional de benef\u00edcios.<\/p>\n\n\n\n<p>A Portaria 36 esclarece que, em um primeiro momento, o tempo de funcionamento das ag\u00eancias ser\u00e1 parcial, com seis horas cont\u00ednuas, e o atendimento ser\u00e1 exclusivo aos segurados e benefici\u00e1rios mediante agendamento pr\u00e9vio pelos canais remotos (Meu INSS e Central 135).<\/p>\n\n\n\n<p>\u201cA reabertura gradual e segura ir\u00e1 considerar as especificidades de cada uma das 1.525 ag\u00eancias da Previd\u00eancia Social no pa\u00eds. Cada unidade dever\u00e1 avaliar o perfil do quadro de servidores e contratados, o volume de atendimentos realizados, a organiza\u00e7\u00e3o do espa\u00e7o f\u00edsico, as medidas de limpeza e os equipamentos de prote\u00e7\u00e3o individual e coletiva\u201d, estabelece a portaria.<\/p>\n\n\n\n<p>As unidades que n\u00e3o reunirem condi\u00e7\u00f5es necess\u00e1rias para atender o cidad\u00e3o com seguran\u00e7a seguir\u00e3o operando em regime de plant\u00e3o reduzido.<\/p>\n\n\n\n<p>Um painel eletr\u00f4nico ser\u00e1 disponibilizado pelo INSS, com informa\u00e7\u00f5es sobre o funcionamento das ag\u00eancias da Previd\u00eancia Social, os servi\u00e7os oferecidos e o hor\u00e1rio de funcionamento.<\/p>\n\n\n\n<p>\u201cTodas as medidas tomadas para garantir o direito dos cidad\u00e3os durante a pandemia de covid-19, incluindo a simplifica\u00e7\u00e3o dos procedimentos, a dispensa de exig\u00eancias e a oferta de servi\u00e7os por meio de canais remotos, continuar\u00e3o valendo mesmo ap\u00f3s a retomada do atendimento presencial\u201d.<\/p>\n","protected":false},"excerpt":{"rendered":"<p>O Instituto Nacional do Seguro Social (INSS) publicou hoje (29), no Di\u00e1rio Oficial da Uni\u00e3o, portaria que adia para o pr\u00f3ximo dia 24 a reabertura&hellip; <\/p>\n","protected":false},"author":2,"featured_media":181281,"comment_status":"closed","ping_status":"closed","sticky":false,"template":"","format":"standard","meta":{"sfsi_plus_gutenberg_text_before_share":"","sfsi_plus_gutenberg_show_text_before_share":"","sfsi_plus_gutenberg_icon_type":"","sfsi_plus_gutenberg_icon_alignemt":"","sfsi_plus_gutenburg_max_per_row":"","footnotes":""},"categories":[50,2],"tags":[],"class_list":["post-181280","post","type-post","status-publish","format-standard","has-post-thumbnail","hentry","category-destaque","category-geral"],"_links":{"self":[{"href":"https:\/\/www.caririemacao.com\/1\/wp-json\/wp\/v2\/posts\/181280","targetHints":{"allow":["GET"]}}],"collection":[{"href":"https:\/\/www.caririemacao.com\/1\/wp-json\/wp\/v2\/posts"}],"about":[{"href":"https:\/\/www.caririemacao.com\/1\/wp-json\/wp\/v2\/types\/post"}],"author":[{"embeddable":true,"href":"https:\/\/www.caririemacao.com\/1\/wp-json\/wp\/v2\/users\/2"}],"replies":[{"embeddable":true,"href":"https:\/\/www.caririemacao.com\/1\/wp-json\/wp\/v2\/comments?post=181280"}],"version-history":[{"count":1,"href":"https:\/\/www.caririemacao.com\/1\/wp-json\/wp\/v2\/posts\/181280\/revisions"}],"predecessor-version":[{"id":181282,"href":"https:\/\/www.caririemacao.com\/1\/wp-json\/wp\/v2\/posts\/181280\/revisions\/181282"}],"wp:featuredmedia":[{"embeddable":true,"href":"https:\/\/www.caririemacao.com\/1\/wp-json\/wp\/v2\/media\/181281"}],"wp:attachment":[{"href":"https:\/\/www.caririemacao.com\/1\/wp-json\/wp\/v2\/media?parent=181280"}],"wp:term":[{"taxonomy":"category","embeddable":true,"href":"https:\/\/www.caririemacao.com\/1\/wp-json\/wp\/v2\/categories?post=181280"},{"taxonomy":"post_tag","embeddable":true,"href":"https:\/\/www.caririemacao.com\/1\/wp-json\/wp\/v2\/tags?post=181280"}],"curies":[{"name":"wp","href":"https:\/\/api.w.org\/{rel}","templated":true}]}}