{"id":181286,"date":"2020-07-30T09:35:28","date_gmt":"2020-07-30T12:35:28","guid":{"rendered":"https:\/\/www.caririemacao.com\/1\/?p=181286"},"modified":"2020-07-30T09:35:28","modified_gmt":"2020-07-30T12:35:28","slug":"paraiba-registra-mais-de-1-700-novos-casos-de-covid-19-nesta-quarta-feira","status":"publish","type":"post","link":"https:\/\/www.caririemacao.com\/1\/2020\/07\/30\/paraiba-registra-mais-de-1-700-novos-casos-de-covid-19-nesta-quarta-feira\/","title":{"rendered":"Para\u00edba registra mais de 1.700 novos casos de Covid-19 nesta quarta-feira"},"content":{"rendered":"\n<h1 class=\"wp-block-heading\"><\/h1>\n\n\n\n<p>Nesta quarta-feira, 29, a Para\u00edba registrou 1.723 novos casos de Covid-19 e 21 \u00f3bitos confirmados desde a \u00faltima atualiza\u00e7\u00e3o, 07 deles ocorridos nas \u00faltimas 24 horas.<\/p>\n\n\n\n<p>De acordo com a Secretaria do Estado da Sa\u00fade (SES), 79.898 pessoas j\u00e1 contra\u00edram a doen\u00e7a, 33.636 j\u00e1 se recuperaram e 1.766 faleceram.<\/p>\n\n\n\n<p>At\u00e9 o momento, 232.964 testes para diagn\u00f3stico da Covid-19 j\u00e1 foram realizados.<\/p>\n\n\n\n<p>A ocupa\u00e7\u00e3o total de leitos de UTI (adulto, pedi\u00e1trico e obst\u00e9trico) em todo o Estado \u00e9 de 46%.<\/p>\n\n\n\n<p>Fazendo um recorte apenas dos leitos de UTI para adultos na Regi\u00e3o Metropolitana de Jo\u00e3o Pessoa, a taxa de ocupa\u00e7\u00e3o chega a 51%.<\/p>\n\n\n\n<p>Em Campina Grande, est\u00e3o ocupados 41% dos leitos de UTI adulto e no Sert\u00e3o, 49% dos leitos de UTI para adultos.<\/p>\n\n\n\n<p>O \u00edndice de isolamento social foi de apenas 39,3%, considerado baixo em rela\u00e7\u00e3o \u00e0 meta de 70% e \u00e0 m\u00ednima de 50%.<\/p>\n\n\n\n<p>Os casos confirmados est\u00e3o distribu\u00eddos por 221 dos 223 munic\u00edpios paraibanos:<\/p>\n\n\n\n<p>\u00c1gua Branca (48); Aguiar (23); Alagoa Grande (748); Alagoa Nova (244); Alagoinha (742); Alcantil (37); Algod\u00e3o de Janda\u00edra (5); Alhandra (572); Amparo (16); Aparecida (56); Ara\u00e7agi (447); Arara (173); Araruna (220); Areia (309); Areia de Bara\u00fanas (10); Areial (41); Aroeiras (162); Assun\u00e7\u00e3o (41); Baia da Trai\u00e7\u00e3o (445); Bananeiras (147); Bara\u00fana (129); Barra de Santa Rosa (47); Barra de Santana (81); Barra de S\u00e3o Miguel (36);&nbsp;<strong>Bayeux (1321)<\/strong>; Bel\u00e9m (687); Bel\u00e9m do Brejo do Cruz (24); Bernardino Batista (6); Boa Ventura (4); Boa Vista (67); Bom Jesus (9); Bom Sucesso (12); Bonito de Santa F\u00e9 (14); Boqueir\u00e3o (286); Borborema (12); Brejo do Cruz (249); Brejo dos Santos (20);<\/p>\n\n\n\n<p>Caapor\u00e3 (891); Cabaceiras (53);&nbsp;<strong>Cabedelo (2339)<\/strong>; Cachoeira dos \u00cdndios (78); Cacimba de Areia (8); Cacimba de Dentro (181); Cacimbas (44); Cai\u00e7ara (367); Cajazeiras (1186); Cajazeirinhas (19); Caldas Brand\u00e3o (159); Camala\u00fa (1);&nbsp;<strong>Campina Grande (10401)<\/strong>; Capim (140); Cara\u00fabas (32); Carrapateira (34); Casserengue (207); Catingueira (17), Catol\u00e9 do Rocha (237); Caturit\u00e9 (91); Concei\u00e7\u00e3o (257); Condado (116); Conde (636); Congo (60); Coremas (114); Coxixola (20); Cruz do Esp\u00edrito Santo (265); Cubati (68); Cuit\u00e9 (150); Cuit\u00e9 de Mamanguape (100); Cuiteg\u00ed (316); Curral de Cima (23); Curral Velho (1),<\/p>\n\n\n\n<p>Dami\u00e3o (13); Desterro (50); Diamante (46); Dona In\u00eas (83); Duas Estradas (59); Emas (38); Esperan\u00e7a (394); Fagundes (80); Frei Martinho (6); Gado Bravo (92);&nbsp;<strong>Guarabira (3306)<\/strong>; Gurinh\u00e9m (382); Gurj\u00e3o (20); Ibiara (34); Igaracy (8); Imaculada (38); Ing\u00e1 (910); Itabaiana (973); Itaporanga (125); Itapororoca (555); Itatuba (265); Jacara\u00fa (256); Jeric\u00f3 (9);<strong>&nbsp;Jo\u00e3o Pessoa (20689)<\/strong>; Joca Claudino (3); Juarez T\u00e1vora (256); Juazeirinho (153); Junco do Serid\u00f3 (37); Juripiranga (426); Juru (45);<\/p>\n\n\n\n<p>Lagoa (6); Lagoa de Dentro (105); Lagoa Seca (610); Lastro (16); Livramento (72); Logradouro (115); Lucena (320); M\u00e3e d\u2019\u00c1gua (16); Malta (64);&nbsp;<strong>Mamanguape (2008)<\/strong>; Mana\u00edra (10); Marca\u00e7\u00e3o (212); Mari (983); Mariz\u00f3polis (23); Massaranduba (296); Mataraca (149); Matinhas (67); Mato Grosso (12); Matureia (28); Mogeiro (131); Montadas (38); Monte Horebe (11); Monteiro (258); Mulungu (290); Natuba (48); Nazarezinho (27); Nova Floresta (49), Nova Olinda (12); Nova Palmeira (44); Olho D\u00b4\u00c1gua (37); Olivedos (66);<\/p>\n\n\n\n<p>Parari (5); Passagem (30);&nbsp;<strong>Patos (2499)<\/strong>; Paulista (122); Pedra Branca (1); Pedra Lavrada (33);&nbsp;<strong>Pedras de Fogo (1194)<\/strong>; Pedro R\u00e9gis (40); Pianc\u00f3 (125); Picu\u00ed (173); Pilar (255); Pil\u00f5es (76); Pil\u00f5ezinhos (208); Pirpirituba (244); Pitimbu (573); Pocinhos (107); Po\u00e7o Dantas (4); Po\u00e7o de Jos\u00e9 Moura (11); Pombal (310); Prata (4); Princesa Isabel (62); Puxinan\u00e3 (240); Queimadas (862); Quixaba (27); Rem\u00edgio (221); Riach\u00e3o (55); Riach\u00e3o do Bacamarte (211); Riach\u00e3o do Po\u00e7o (79); Riacho de Santo Ant\u00f4nio (27); Riacho dos Cavalos (10); Rio Tinto (914); Salgadinho (22); Salgado de S\u00e3o Felix (197); Santa Cec\u00edlia (58); Santa Cruz (41); Santa Helena (20); Santa In\u00eas (43); Santa Luzia (203);<\/p>\n\n\n\n<p><strong>Santa Rita (2166)<\/strong>; Santa Terezinha (51); Santana de Mangueira (5); Santana dos Garrotes (15); Santo Andr\u00e9 (14); S\u00e3o Bentinho (40); S\u00e3o Bento (1276); S\u00e3o Domingos do Cariri (43); S\u00e3o Francisco (33); S\u00e3o Jo\u00e3o do Cariri (92); S\u00e3o Jo\u00e3o do Rio do Peixe (181); S\u00e3o Jo\u00e3o do Tigre (6); S\u00e3o Jos\u00e9 da Lagoa Tapada (41); S\u00e3o Jos\u00e9 de Caiana (32); S\u00e3o Jos\u00e9 de Espinharas (22); S\u00e3o Jos\u00e9 de Piranhas (148); S\u00e3o Jos\u00e9 de Princesa (2); S\u00e3o Jos\u00e9 do Bonfim (56); S\u00e3o Jos\u00e9 do Brejo do Cruz (7); S\u00e3o Jos\u00e9 do Sabugi (192); S\u00e3o Jos\u00e9 dos Cordeiros (28); S\u00e3o Jos\u00e9 dos Ramos (211); S\u00e3o Mamede (39);<\/p>\n\n\n\n<p>S\u00e3o Miguel de Taipu (109); S\u00e3o Sebasti\u00e3o de Lagoa de Ro\u00e7a (184); S\u00e3o Sebasti\u00e3o do Umbuzeiro (6); S\u00e3o Vicente do Serid\u00f3 (48); Sap\u00e9 (867); Serra Branca (130); Serra da Ra\u00edz (17); Serra Grande (9); Serra Redonda (203); Serraria (123); Sert\u00e3ozinho (114); Sobrado (169); Sol\u00e2nea (306); Soledade (129); Sossego (8),&nbsp;<strong>Sousa (1114)<\/strong>; Sum\u00e9 (194); Tacima (112); Tapero\u00e1 (60); Tavares (65); Teixeira (138); Ten\u00f3rio (14); Triunfo (41); Uira\u00fana (48); Umbuzeiro (70); V\u00e1rzea (13); Vieir\u00f3polis (4); Vista Serrana (2), Zabel\u00ea (20).<\/p>\n\n\n\n<p>*Dados oficiais preliminares (fonte: SIM, e-sus VE e SIVEP) extra\u00eddos \u00e0s 10h do dia 29\/07, sujeitos a altera\u00e7\u00e3o por parte dos munic\u00edpios.<\/p>\n\n\n\n<p>Dos 21 \u00f3bitos registrados nesta quarta, 31% ocorreram nas \u00faltimas 48h e os demais entre os dias 15 de maio e 26 de julho. 57,14% eram maiores de 65 anos. Diabetes e cardiopatia s\u00e3o os fatores de complica\u00e7\u00e3o mais presentes.<\/p>\n\n\n\n<p>Homem, 76 anos, residente Jo\u00e3o Pessoa. In\u00edcio dos sintomas em 15\/07\/2020. Hipertenso, cardiopata, portador de neoplasia e de tumor cerebral. Foi a \u00f3bito em hospital p\u00fablico no dia 29\/07\/2020.<\/p>\n\n\n\n<p>Mulher, 86 anos, residente em Cajazeiras. In\u00edcio dos sintomas em 21\/07\/2020. Cardiopata. Foi a \u00f3bito em hospital p\u00fablico no dia 29\/07\/2020.<\/p>\n\n\n\n<p>Mulher, 57 anos, residente em Jo\u00e3o Pessoa. In\u00edcio dos sintomas em 08\/07\/2020. Obesa. Foi a \u00f3bito em hospital p\u00fablico no dia 29\/07\/2020.<\/p>\n\n\n\n<p>Mulher, 85 anos, residente em Jo\u00e3o Pessoa. In\u00edcio dos sintomas em 07\/07\/2020. Hipertensa, diab\u00e9tica, cardiopata e portadora de doen\u00e7a neurol\u00f3gica. Foi a \u00f3bito em hospital p\u00fablico no dia 29\/07\/2020.<\/p>\n\n\n\n<p>Mulher, 80 anos, residente em Patos. In\u00edcio dos sintomas em 05\/07\/2020. Sem informa\u00e7\u00e3o de comorbidade. Foi a \u00f3bito em hospital p\u00fablico no dia 28\/07\/2020.<\/p>\n\n\n\n<p>Homem, 38 anos, residente em Bananeiras. In\u00edcio dos sintomas em 28\/06\/2020. Portador de doen\u00e7a hep\u00e1tica. Foi a \u00f3bito em hospital p\u00fablico no dia 28\/07\/2020.<\/p>\n\n\n\n<p>Homem, 100 anos, residente em Mamanguape. In\u00edcio dos sintomas em 19\/07\/2020. Diab\u00e9tico. Foi a \u00f3bito em hospital p\u00fablico no dia 28\/07\/2020.<\/p>\n\n\n\n<p>Homem, 71 anos, residente em Jo\u00e3o Pessoa. In\u00edcio dos sintomas em 24\/07\/2020. Diab\u00e9tico, cardiopata e portador de LRA. Foi a \u00f3bito em hospital p\u00fablico no dia 27\/07\/2020.<\/p>\n","protected":false},"excerpt":{"rendered":"<p>Nesta quarta-feira, 29, a Para\u00edba registrou 1.723 novos casos de Covid-19 e 21 \u00f3bitos confirmados desde a \u00faltima atualiza\u00e7\u00e3o, 07 deles ocorridos nas \u00faltimas 24&hellip; <\/p>\n","protected":false},"author":2,"featured_media":181287,"comment_status":"closed","ping_status":"closed","sticky":false,"template":"","format":"standard","meta":{"sfsi_plus_gutenberg_text_before_share":"","sfsi_plus_gutenberg_show_text_before_share":"","sfsi_plus_gutenberg_icon_type":"","sfsi_plus_gutenberg_icon_alignemt":"","sfsi_plus_gutenburg_max_per_row":"","footnotes":""},"categories":[50,2],"tags":[],"class_list":["post-181286","post","type-post","status-publish","format-standard","has-post-thumbnail","hentry","category-destaque","category-geral"],"_links":{"self":[{"href":"https:\/\/www.caririemacao.com\/1\/wp-json\/wp\/v2\/posts\/181286","targetHints":{"allow":["GET"]}}],"collection":[{"href":"https:\/\/www.caririemacao.com\/1\/wp-json\/wp\/v2\/posts"}],"about":[{"href":"https:\/\/www.caririemacao.com\/1\/wp-json\/wp\/v2\/types\/post"}],"author":[{"embeddable":true,"href":"https:\/\/www.caririemacao.com\/1\/wp-json\/wp\/v2\/users\/2"}],"replies":[{"embeddable":true,"href":"https:\/\/www.caririemacao.com\/1\/wp-json\/wp\/v2\/comments?post=181286"}],"version-history":[{"count":1,"href":"https:\/\/www.caririemacao.com\/1\/wp-json\/wp\/v2\/posts\/181286\/revisions"}],"predecessor-version":[{"id":181288,"href":"https:\/\/www.caririemacao.com\/1\/wp-json\/wp\/v2\/posts\/181286\/revisions\/181288"}],"wp:featuredmedia":[{"embeddable":true,"href":"https:\/\/www.caririemacao.com\/1\/wp-json\/wp\/v2\/media\/181287"}],"wp:attachment":[{"href":"https:\/\/www.caririemacao.com\/1\/wp-json\/wp\/v2\/media?parent=181286"}],"wp:term":[{"taxonomy":"category","embeddable":true,"href":"https:\/\/www.caririemacao.com\/1\/wp-json\/wp\/v2\/categories?post=181286"},{"taxonomy":"post_tag","embeddable":true,"href":"https:\/\/www.caririemacao.com\/1\/wp-json\/wp\/v2\/tags?post=181286"}],"curies":[{"name":"wp","href":"https:\/\/api.w.org\/{rel}","templated":true}]}}