{"id":181290,"date":"2020-07-30T09:41:19","date_gmt":"2020-07-30T12:41:19","guid":{"rendered":"https:\/\/www.caririemacao.com\/1\/?p=181290"},"modified":"2020-07-30T09:41:19","modified_gmt":"2020-07-30T12:41:19","slug":"casas-sao-erguidas-no-meio-da-rua-e-lojas-sobre-calcada-no-engenho-da-rainha-zona-norte-do-rio","status":"publish","type":"post","link":"https:\/\/www.caririemacao.com\/1\/2020\/07\/30\/casas-sao-erguidas-no-meio-da-rua-e-lojas-sobre-calcada-no-engenho-da-rainha-zona-norte-do-rio\/","title":{"rendered":"Casas s\u00e3o erguidas no meio da rua e lojas sobre cal\u00e7ada no Engenho da Rainha, Zona Norte do Rio"},"content":{"rendered":"\n<p>Casas foram constru\u00eddas no meio de uma rua no Engenho da Rainha, Zona Norte do Rio. Imagens do Globocop, na manh\u00e3 desta quinta-feira (30), mostraram que v\u00e1rios im\u00f3veis foram erguidos no meio do asfalto na Rua Moreia, um dos principais acessos \u00e0 Favela da Galinha.<\/p>\n\n\n\n<p>Na Rua Par\u00e1 de Minas, algumas constru\u00e7\u00f5es chegaram a ser derrubadas, mas assim que os agentes sa\u00edram, as obras recome\u00e7aram. A Prefeitura do Rio informou que vai mandar uma equipe de fiscaliza\u00e7\u00e3o no local.<\/p>\n\n\n\n<figure class=\"wp-block-image\"><img decoding=\"async\" data-src=\"https:\/\/s2.glbimg.com\/9Jk_a3hTkGhYdSY-0P5DbiGGgMo=\/0x0:1920x1080\/1008x0\/smart\/filters:strip_icc()\/i.s3.glbimg.com\/v1\/AUTH_59edd422c0c84a879bd37670ae4f538a\/internal_photos\/bs\/2020\/a\/C\/hiHxNfQX6j7JgKphc38A\/engenho3.jpg\" alt=\"Constru\u00e7\u00f5es ocupam o meio da rua no Engenho da Rainha, Zona Norte do Rio \u2014 Foto: Reprodu\u00e7\u00e3o \/ TV Globo\" src=\"data:image\/svg+xml;base64,PHN2ZyB3aWR0aD0iMSIgaGVpZ2h0PSIxIiB4bWxucz0iaHR0cDovL3d3dy53My5vcmcvMjAwMC9zdmciPjwvc3ZnPg==\" class=\"lazyload\" \/><\/figure>\n\n\n\n<p>Constru\u00e7\u00f5es ocupam o meio da rua no Engenho da Rainha, Zona Norte do Rio \u2014 Foto: Reprodu\u00e7\u00e3o \/ TV Globo<\/p>\n\n\n\n<p>No mesmo bairro, uma cal\u00e7ada foi transformada em \u201c\u00e1rea comercial\u201d. Lojinhas foram erguidas em cima da cal\u00e7ada, n\u00e3o deixando qualquer espa\u00e7o para pedestres passarem. Em uma das constru\u00e7\u00f5es foi erguida ao redor de um poste de ilumina\u00e7\u00e3o p\u00fablica.<\/p>\n\n\n\n<figure class=\"wp-block-image\"><img decoding=\"async\" data-src=\"https:\/\/s2.glbimg.com\/mpJN-Em_j6kAzSNnmgj4k86XZYs=\/0x0:1920x1080\/1008x0\/smart\/filters:strip_icc()\/i.s3.glbimg.com\/v1\/AUTH_59edd422c0c84a879bd37670ae4f538a\/internal_photos\/bs\/2020\/b\/N\/1Qm59NT7OgtUCcB8wyCA\/lojas.jpg\" alt=\"Lojas s\u00e3o constru\u00eddas em cima de cal\u00e7ada do Engenho da Rainha \u2014 Foto: Reprodu\u00e7\u00e3o \/ TV Globo\" src=\"data:image\/svg+xml;base64,PHN2ZyB3aWR0aD0iMSIgaGVpZ2h0PSIxIiB4bWxucz0iaHR0cDovL3d3dy53My5vcmcvMjAwMC9zdmciPjwvc3ZnPg==\" class=\"lazyload\" \/><\/figure>\n\n\n\n<p>Lojas s\u00e3o constru\u00eddas em cima de cal\u00e7ada do Engenho da Rainha \u2014 Foto: Reprodu\u00e7\u00e3o \/ TV Globo<\/p>\n\n\n\n<figure class=\"wp-block-image\"><img decoding=\"async\" data-src=\"https:\/\/s2.glbimg.com\/CNIFIMOrQuqG4x9aOazvASfqSGo=\/0x0:1920x1080\/1008x0\/smart\/filters:strip_icc()\/i.s3.glbimg.com\/v1\/AUTH_59edd422c0c84a879bd37670ae4f538a\/internal_photos\/bs\/2020\/i\/2\/ma19LzTKqxZUyFJDASAg\/engenho2.jpg\" alt=\"Casas foram constru\u00eddas no meio da rua no Engenho da Rainha \u2014 Foto: Reprodu\u00e7\u00e3o \/ TV Globo\" src=\"data:image\/svg+xml;base64,PHN2ZyB3aWR0aD0iMSIgaGVpZ2h0PSIxIiB4bWxucz0iaHR0cDovL3d3dy53My5vcmcvMjAwMC9zdmciPjwvc3ZnPg==\" class=\"lazyload\" \/><\/figure>\n\n\n\n<p>Casas foram constru\u00eddas no meio da rua no Engenho da Rainha \u2014 Foto: Reprodu\u00e7\u00e3o \/ TV Globo<\/p>\n\n\n\n<p>Ainda nas cal\u00e7adas, sacos de areia eram empilhados para que os construtores dessem continuidade aos im\u00f3veis na regi\u00e3o.<\/p>\n\n\n\n<p>com g1<\/p>\n","protected":false},"excerpt":{"rendered":"<p>Casas foram constru\u00eddas no meio de uma rua no Engenho da Rainha, Zona Norte do Rio. Imagens do Globocop, na manh\u00e3 desta quinta-feira (30), mostraram&hellip; <\/p>\n","protected":false},"author":1,"featured_media":181293,"comment_status":"closed","ping_status":"closed","sticky":false,"template":"","format":"standard","meta":{"sfsi_plus_gutenberg_text_before_share":"","sfsi_plus_gutenberg_show_text_before_share":"","sfsi_plus_gutenberg_icon_type":"","sfsi_plus_gutenberg_icon_alignemt":"","sfsi_plus_gutenburg_max_per_row":"","footnotes":""},"categories":[6],"tags":[],"class_list":["post-181290","post","type-post","status-publish","format-standard","has-post-thumbnail","hentry","category-cidades"],"_links":{"self":[{"href":"https:\/\/www.caririemacao.com\/1\/wp-json\/wp\/v2\/posts\/181290","targetHints":{"allow":["GET"]}}],"collection":[{"href":"https:\/\/www.caririemacao.com\/1\/wp-json\/wp\/v2\/posts"}],"about":[{"href":"https:\/\/www.caririemacao.com\/1\/wp-json\/wp\/v2\/types\/post"}],"author":[{"embeddable":true,"href":"https:\/\/www.caririemacao.com\/1\/wp-json\/wp\/v2\/users\/1"}],"replies":[{"embeddable":true,"href":"https:\/\/www.caririemacao.com\/1\/wp-json\/wp\/v2\/comments?post=181290"}],"version-history":[{"count":1,"href":"https:\/\/www.caririemacao.com\/1\/wp-json\/wp\/v2\/posts\/181290\/revisions"}],"predecessor-version":[{"id":181297,"href":"https:\/\/www.caririemacao.com\/1\/wp-json\/wp\/v2\/posts\/181290\/revisions\/181297"}],"wp:featuredmedia":[{"embeddable":true,"href":"https:\/\/www.caririemacao.com\/1\/wp-json\/wp\/v2\/media\/181293"}],"wp:attachment":[{"href":"https:\/\/www.caririemacao.com\/1\/wp-json\/wp\/v2\/media?parent=181290"}],"wp:term":[{"taxonomy":"category","embeddable":true,"href":"https:\/\/www.caririemacao.com\/1\/wp-json\/wp\/v2\/categories?post=181290"},{"taxonomy":"post_tag","embeddable":true,"href":"https:\/\/www.caririemacao.com\/1\/wp-json\/wp\/v2\/tags?post=181290"}],"curies":[{"name":"wp","href":"https:\/\/api.w.org\/{rel}","templated":true}]}}