{"id":181292,"date":"2020-07-30T09:41:05","date_gmt":"2020-07-30T12:41:05","guid":{"rendered":"https:\/\/www.caririemacao.com\/1\/?p=181292"},"modified":"2020-07-30T09:41:05","modified_gmt":"2020-07-30T12:41:05","slug":"jornal-espanhol-crava-nome-de-tecnico-contratado-pelo-flamengo","status":"publish","type":"post","link":"https:\/\/www.caririemacao.com\/1\/2020\/07\/30\/jornal-espanhol-crava-nome-de-tecnico-contratado-pelo-flamengo\/","title":{"rendered":"Jornal espanhol crava nome de t\u00e9cnico contratado pelo Flamengo"},"content":{"rendered":"\n<h1 class=\"wp-block-heading\"><\/h1>\n\n\n\n<p>O Flamengo est\u00e1 muito pr\u00f3ximo de anunciar seu novo treinador. De acordo com o jornalista Fernando Kall\u00e1s, do di\u00e1rio esportivo espanhol&nbsp;As, o t\u00e9cnico Domen\u00e9c Torrent chegou a um acordo com o Rubro-Negro e, na manh\u00e3 desta quarta-feira (29), vai assinar contrato at\u00e9 dezembro de 2021.<\/p>\n\n\n\n<p>Segundo o&nbsp;As, houve uma boa primeira impress\u00e3o e grande otimismo ap\u00f3s o primeiro encontro no \u00faltimo s\u00e1bado (25), realizado&nbsp;em Madri, entre o vice-presidente de futebol do Flamengo, Marcos Braz, o diretor-executivo de futebol, Bruno Spindel, e o treinador. Nesta ter\u00e7a-feira (28), o ex-assistente de Pep Guardiola se reuniu virtualmente&nbsp; por v\u00e1rias horas com os dirigentes.<\/p>\n\n\n\n<p>As partes teriam chegado a um consenso sobre a negocia\u00e7\u00e3o do contrato e tamb\u00e9m a comiss\u00e3o t\u00e9cnica que o treinador deve levar ao Rio de Janeiro. Se assinar com o Rubro-Negro, Domen\u00e9c Torrent vai contar com o auxiliar-t\u00e9cnico Jordi Guerrero e o analista Jordi Cris. De acordo com a not\u00edcia, o nome do preparador f\u00edsico e de outros integrantes da comiss\u00e3o n\u00e3o foram revelados.<\/p>\n\n\n\n<p>Ainda segundo o jornalista Fernando Kall\u00e1s, a pe\u00e7a-chave de toda a negocia\u00e7\u00e3o foi o empres\u00e1rio Carlos Leite, que estreitou a aproxima\u00e7\u00e3o entre o Flamengo e o treinador.<\/p>\n\n\n\n<p>Desde a sa\u00edda de&nbsp;Jorge Jesus, o Rubro-Negro procura seu substituto e a prefer\u00eancia era por&nbsp;um t\u00e9cnico europeu. Bruno Spindel e Marcos Braz embarcaram para a Europa na \u00faltima sexta-feira (24) para definirem o novo treinador do time.<\/p>\n\n\n\n<p>Domen\u00e9c Torrent tem 58 anos e foi assistente de Pep Guardiola no Barcelona desde 2008, e continuou com o treinador no Bayern de Munique e no Manchester City at\u00e9 2018, quando assumiu o comando do New York City FC, dos Estados Unidos.<\/p>\n","protected":false},"excerpt":{"rendered":"<p>O Flamengo est\u00e1 muito pr\u00f3ximo de anunciar seu novo treinador. De acordo com o jornalista Fernando Kall\u00e1s, do di\u00e1rio esportivo espanhol&nbsp;As, o t\u00e9cnico Domen\u00e9c Torrent&hellip; <\/p>\n","protected":false},"author":2,"featured_media":181294,"comment_status":"closed","ping_status":"closed","sticky":false,"template":"","format":"standard","meta":{"sfsi_plus_gutenberg_text_before_share":"","sfsi_plus_gutenberg_show_text_before_share":"","sfsi_plus_gutenberg_icon_type":"","sfsi_plus_gutenberg_icon_alignemt":"","sfsi_plus_gutenburg_max_per_row":"","footnotes":""},"categories":[13],"tags":[],"class_list":["post-181292","post","type-post","status-publish","format-standard","has-post-thumbnail","hentry","category-esportes"],"_links":{"self":[{"href":"https:\/\/www.caririemacao.com\/1\/wp-json\/wp\/v2\/posts\/181292","targetHints":{"allow":["GET"]}}],"collection":[{"href":"https:\/\/www.caririemacao.com\/1\/wp-json\/wp\/v2\/posts"}],"about":[{"href":"https:\/\/www.caririemacao.com\/1\/wp-json\/wp\/v2\/types\/post"}],"author":[{"embeddable":true,"href":"https:\/\/www.caririemacao.com\/1\/wp-json\/wp\/v2\/users\/2"}],"replies":[{"embeddable":true,"href":"https:\/\/www.caririemacao.com\/1\/wp-json\/wp\/v2\/comments?post=181292"}],"version-history":[{"count":1,"href":"https:\/\/www.caririemacao.com\/1\/wp-json\/wp\/v2\/posts\/181292\/revisions"}],"predecessor-version":[{"id":181295,"href":"https:\/\/www.caririemacao.com\/1\/wp-json\/wp\/v2\/posts\/181292\/revisions\/181295"}],"wp:featuredmedia":[{"embeddable":true,"href":"https:\/\/www.caririemacao.com\/1\/wp-json\/wp\/v2\/media\/181294"}],"wp:attachment":[{"href":"https:\/\/www.caririemacao.com\/1\/wp-json\/wp\/v2\/media?parent=181292"}],"wp:term":[{"taxonomy":"category","embeddable":true,"href":"https:\/\/www.caririemacao.com\/1\/wp-json\/wp\/v2\/categories?post=181292"},{"taxonomy":"post_tag","embeddable":true,"href":"https:\/\/www.caririemacao.com\/1\/wp-json\/wp\/v2\/tags?post=181292"}],"curies":[{"name":"wp","href":"https:\/\/api.w.org\/{rel}","templated":true}]}}