{"id":181300,"date":"2020-07-30T09:53:50","date_gmt":"2020-07-30T12:53:50","guid":{"rendered":"https:\/\/www.caririemacao.com\/1\/?p=181300"},"modified":"2020-07-30T09:53:50","modified_gmt":"2020-07-30T12:53:50","slug":"membros-de-corpo-humano-encontrados-em-rio-sao-de-freezer-furtado-de-hospital-de-joao-pessoa","status":"publish","type":"post","link":"https:\/\/www.caririemacao.com\/1\/2020\/07\/30\/membros-de-corpo-humano-encontrados-em-rio-sao-de-freezer-furtado-de-hospital-de-joao-pessoa\/","title":{"rendered":"Membros de corpo humano encontrados em rio s\u00e3o de freezer furtado de hospital de Jo\u00e3o Pessoa"},"content":{"rendered":"\n<p>Os\u00a0membros amputados de corpo humano que foram encontrados em um rio, na manh\u00e3 da quarta-feira (29), na regi\u00e3o da Ponte do Baralho, em Bayeux, na Grande Jo\u00e3o Pessoa, teriam sa\u00eddo de um freezer roubado de um hospital filantr\u00f3pico da capital. De acordo com o delegado Diego Garcia da Pol\u00edcia Civil, foram encontradas cinco pernas, algumas delas revestidas por gazes e etiquetadas.<\/p>\n\n\n\n<p>Segundo a pol\u00edcia, a linha de investiga\u00e7\u00e3o inicial era de que os membros fariam parte de um descarte irregular de uma unidade hospitalar. No entanto, foi confirmado o roubo no hospital. Uma testemunha informou \u00e0 pol\u00edcia que uma pessoa teria descartado um saco com pelo menos cinco membros inferiores no local.<\/p>\n\n\n\n<p>Conforme a pol\u00edcia, duas das pernas estavam com etiquetas com nome e sobrenome do paciente, al\u00e9m da identifica\u00e7\u00e3o de m\u00e9dicos. \u00c0 TV Cabo Branco, moradores que encontraram os membros informaram que eles t\u00eam cortes retos, cir\u00fargicos, como os de amputa\u00e7\u00e3o.<\/p>\n\n\n\n<p>De acordo com o delegado Diego Garcia, o freezer roubado ainda n\u00e3o foi encontrado.<\/p>\n\n\n\n<p>De acordo com Geraldo Moreira, diretor t\u00e9cnico de sa\u00fade da Ag\u00eancia Estadual de Vigil\u00e2ncia Sanit\u00e1ria (Agevisa), os hospitais s\u00e3o respons\u00e1veis por colocar os membros em sacos vermelhos, depois depositados em uma bombona e incinerados. Al\u00e9m disso, a fam\u00edlia tamb\u00e9m tem a op\u00e7\u00e3o de fazer o enterro dos membros, sob libera\u00e7\u00e3o do hospital.<\/p>\n\n\n\n<figure class=\"wp-block-image\"><img decoding=\"async\" data-src=\"https:\/\/s2.glbimg.com\/I9fTO5HNvz9qkV18bTt6_k4YuCY=\/0x0:1280x960\/984x0\/smart\/filters:strip_icc()\/i.s3.glbimg.com\/v1\/AUTH_59edd422c0c84a879bd37670ae4f538a\/internal_photos\/bs\/2020\/j\/C\/NHwqGsQqWoI1X283T0Zw\/whatsapp-image-2020-07-29-at-12.47.56.jpeg\" alt=\"Membros amputados foram encontrados na Ponte do Baralho, em Bayeux, PB \u2014 Foto: Walter Paparazzo\/G1\" src=\"data:image\/svg+xml;base64,PHN2ZyB3aWR0aD0iMSIgaGVpZ2h0PSIxIiB4bWxucz0iaHR0cDovL3d3dy53My5vcmcvMjAwMC9zdmciPjwvc3ZnPg==\" class=\"lazyload\" \/><\/figure>\n\n\n\n<p>Membros amputados foram encontrados na Ponte do Baralho, em Bayeux, PB \u2014 Foto: Walter Paparazzo\/G1<\/p>\n\n\n\n<figure class=\"wp-block-image\"><img decoding=\"async\" data-src=\"https:\/\/s02.video.glbimg.com\/x240\/8736269.jpg\" alt=\"Membros amputados de corpo humano s\u00e3o encontrados em rio, em Bayeux, na Para\u00edba\" title=\"Membros amputados de corpo humano s\u00e3o encontrados em rio, em Bayeux, na Para\u00edba\" src=\"data:image\/svg+xml;base64,PHN2ZyB3aWR0aD0iMSIgaGVpZ2h0PSIxIiB4bWxucz0iaHR0cDovL3d3dy53My5vcmcvMjAwMC9zdmciPjwvc3ZnPg==\" class=\"lazyload\" \/><\/figure>\n\n\n\n<p>Membros amputados de corpo humano s\u00e3o encontrados em rio, em Bayeux, na Para\u00edba<\/p>\n\n\n\n<p>COM G1<\/p>\n","protected":false},"excerpt":{"rendered":"<p>Os\u00a0membros amputados de corpo humano que foram encontrados em um rio, na manh\u00e3 da quarta-feira (29), na regi\u00e3o da Ponte do Baralho, em Bayeux, na&hellip; <\/p>\n","protected":false},"author":1,"featured_media":181323,"comment_status":"closed","ping_status":"closed","sticky":false,"template":"","format":"standard","meta":{"sfsi_plus_gutenberg_text_before_share":"","sfsi_plus_gutenberg_show_text_before_share":"","sfsi_plus_gutenberg_icon_type":"","sfsi_plus_gutenberg_icon_alignemt":"","sfsi_plus_gutenburg_max_per_row":"","footnotes":""},"categories":[6,50,12],"tags":[],"class_list":["post-181300","post","type-post","status-publish","format-standard","has-post-thumbnail","hentry","category-cidades","category-destaque","category-policia"],"_links":{"self":[{"href":"https:\/\/www.caririemacao.com\/1\/wp-json\/wp\/v2\/posts\/181300","targetHints":{"allow":["GET"]}}],"collection":[{"href":"https:\/\/www.caririemacao.com\/1\/wp-json\/wp\/v2\/posts"}],"about":[{"href":"https:\/\/www.caririemacao.com\/1\/wp-json\/wp\/v2\/types\/post"}],"author":[{"embeddable":true,"href":"https:\/\/www.caririemacao.com\/1\/wp-json\/wp\/v2\/users\/1"}],"replies":[{"embeddable":true,"href":"https:\/\/www.caririemacao.com\/1\/wp-json\/wp\/v2\/comments?post=181300"}],"version-history":[{"count":1,"href":"https:\/\/www.caririemacao.com\/1\/wp-json\/wp\/v2\/posts\/181300\/revisions"}],"predecessor-version":[{"id":181324,"href":"https:\/\/www.caririemacao.com\/1\/wp-json\/wp\/v2\/posts\/181300\/revisions\/181324"}],"wp:featuredmedia":[{"embeddable":true,"href":"https:\/\/www.caririemacao.com\/1\/wp-json\/wp\/v2\/media\/181323"}],"wp:attachment":[{"href":"https:\/\/www.caririemacao.com\/1\/wp-json\/wp\/v2\/media?parent=181300"}],"wp:term":[{"taxonomy":"category","embeddable":true,"href":"https:\/\/www.caririemacao.com\/1\/wp-json\/wp\/v2\/categories?post=181300"},{"taxonomy":"post_tag","embeddable":true,"href":"https:\/\/www.caririemacao.com\/1\/wp-json\/wp\/v2\/tags?post=181300"}],"curies":[{"name":"wp","href":"https:\/\/api.w.org\/{rel}","templated":true}]}}