{"id":181301,"date":"2020-07-30T09:44:37","date_gmt":"2020-07-30T12:44:37","guid":{"rendered":"https:\/\/www.caririemacao.com\/1\/?p=181301"},"modified":"2020-07-30T09:44:37","modified_gmt":"2020-07-30T12:44:37","slug":"copa-do-nordeste-ceara-vence-fortaleza-e-vai-a-final","status":"publish","type":"post","link":"https:\/\/www.caririemacao.com\/1\/2020\/07\/30\/copa-do-nordeste-ceara-vence-fortaleza-e-vai-a-final\/","title":{"rendered":"Copa do Nordeste: Cear\u00e1 vence Fortaleza e vai \u00e0 final"},"content":{"rendered":"\n<h1 class=\"wp-block-heading\"><\/h1>\n\n\n\n<p>O Cear\u00e1 \u00e9 o primeiro finalista da Copa do Nordeste de 2020. Em um Cl\u00e1ssico-Rei disputado no Est\u00e1dio de Pitua\u00e7u, em Salvador (BA), o Voz\u00e3o levou a melhor sobre o Fortaleza, venceu por 1 a 0, e acabou com o sonho do rival de conquistar o bicampeonato.<\/p>\n\n\n\n<p>O primeiro tempo teve muita pegada, discuss\u00e3o, e poucas chances de gol. O Fortaleza n\u00e3o conseguiu se aproximar com perigo no ataque, e o Cear\u00e1 teve uma oportunidade, que converteu em gol. Aos 23 minutos, Vina cobrou falta na \u00e1rea. O zagueiro Klaus apareceu no meio da defesa para cabecear e abrir o placar. O Le\u00e3o do Pici at\u00e9 tentou a resposta no fim, mas encontrou muita dificuldade na cria\u00e7\u00e3o de jogadas.<\/p>\n\n\n\n<p>Logo no in\u00edcio da segunda etapa, o Voz\u00e3o mostrou que realmente est\u00e1 treinado, por Guto Ferreira, em lances de bola parada. O Cear\u00e1 quase ampliou o marcador aos 6 minutos. Vina cobrou escanteio pela esquerda e Fabinho apareceu sozinho para cabecear. A bola passou raspando a trave direita de Felipe Alves.<\/p>\n\n\n\n<p>O Fortaleza s\u00f3 foi assustar aos 19 minutos, quando Juninho cobrou falta e Bruno Melo, de cabe\u00e7a, assustou o goleiro Fernando Prass. O Le\u00e3o do Pici ent\u00e3o partiu para o ataque, mas n\u00e3o conseguia furar a defesa do Voz\u00e3o. A melhor oportunidade surgiu aos 35 minutos. Juninho cobrou escanteio pela direita e, no rebote, Yuri C\u00e9sar finalizou na entrada da \u00e1rea. A bola passou por todo mundo, tirando tinta da trave esquerda.<\/p>\n","protected":false},"excerpt":{"rendered":"<p>O Cear\u00e1 \u00e9 o primeiro finalista da Copa do Nordeste de 2020. Em um Cl\u00e1ssico-Rei disputado no Est\u00e1dio de Pitua\u00e7u, em Salvador (BA), o Voz\u00e3o&hellip; <\/p>\n","protected":false},"author":2,"featured_media":181303,"comment_status":"closed","ping_status":"closed","sticky":false,"template":"","format":"standard","meta":{"sfsi_plus_gutenberg_text_before_share":"","sfsi_plus_gutenberg_show_text_before_share":"","sfsi_plus_gutenberg_icon_type":"","sfsi_plus_gutenberg_icon_alignemt":"","sfsi_plus_gutenburg_max_per_row":"","footnotes":""},"categories":[50,13],"tags":[],"class_list":["post-181301","post","type-post","status-publish","format-standard","has-post-thumbnail","hentry","category-destaque","category-esportes"],"_links":{"self":[{"href":"https:\/\/www.caririemacao.com\/1\/wp-json\/wp\/v2\/posts\/181301","targetHints":{"allow":["GET"]}}],"collection":[{"href":"https:\/\/www.caririemacao.com\/1\/wp-json\/wp\/v2\/posts"}],"about":[{"href":"https:\/\/www.caririemacao.com\/1\/wp-json\/wp\/v2\/types\/post"}],"author":[{"embeddable":true,"href":"https:\/\/www.caririemacao.com\/1\/wp-json\/wp\/v2\/users\/2"}],"replies":[{"embeddable":true,"href":"https:\/\/www.caririemacao.com\/1\/wp-json\/wp\/v2\/comments?post=181301"}],"version-history":[{"count":1,"href":"https:\/\/www.caririemacao.com\/1\/wp-json\/wp\/v2\/posts\/181301\/revisions"}],"predecessor-version":[{"id":181305,"href":"https:\/\/www.caririemacao.com\/1\/wp-json\/wp\/v2\/posts\/181301\/revisions\/181305"}],"wp:featuredmedia":[{"embeddable":true,"href":"https:\/\/www.caririemacao.com\/1\/wp-json\/wp\/v2\/media\/181303"}],"wp:attachment":[{"href":"https:\/\/www.caririemacao.com\/1\/wp-json\/wp\/v2\/media?parent=181301"}],"wp:term":[{"taxonomy":"category","embeddable":true,"href":"https:\/\/www.caririemacao.com\/1\/wp-json\/wp\/v2\/categories?post=181301"},{"taxonomy":"post_tag","embeddable":true,"href":"https:\/\/www.caririemacao.com\/1\/wp-json\/wp\/v2\/tags?post=181301"}],"curies":[{"name":"wp","href":"https:\/\/api.w.org\/{rel}","templated":true}]}}