{"id":181302,"date":"2020-07-30T09:52:39","date_gmt":"2020-07-30T12:52:39","guid":{"rendered":"https:\/\/www.caririemacao.com\/1\/?p=181302"},"modified":"2020-07-30T09:52:39","modified_gmt":"2020-07-30T12:52:39","slug":"hospital-de-campanha-em-santa-rita-pb-vai-ser-desativado-e-equipamentos-levados-para-o-interior","status":"publish","type":"post","link":"https:\/\/www.caririemacao.com\/1\/2020\/07\/30\/hospital-de-campanha-em-santa-rita-pb-vai-ser-desativado-e-equipamentos-levados-para-o-interior\/","title":{"rendered":"Hospital de Campanha, em Santa Rita, PB, vai ser desativado e equipamentos levados para o interior"},"content":{"rendered":"\n<p>O Hospital de Campanha, chamado de Hospital Solid\u00e1rio, em Santa Rita, na Grande Jo\u00e3o Pessoa, vai ser desativado a partir da pr\u00f3xima segunda-feira (3). De acordo com o secret\u00e1rio de estado da sa\u00fade, Geraldo Medeiros, os 29 pacientes que est\u00e3o na unidade ser\u00e3o transferidos para o Hospital Metropolitano Dom Jos\u00e9 Maria Pires, que fica ao lado.<\/p>\n\n\n\n<p>No dia 22 de julho, o governador Jo\u00e3o Azev\u00eado (Cidadania) j\u00e1 havia falado sobre a possibilidade de desativa\u00e7\u00e3o da unidade de sa\u00fade, mas que dependeria da evolu\u00e7\u00e3o da pandeia na Para\u00edba e da ocupa\u00e7\u00e3o no hospital.<\/p>\n\n\n\n<p>A estrutura tem capacidade para 120 pacientes e, atualmente, 29 est\u00e3o internados. Geraldo Medeiros informou que o Governo da Para\u00edba desembolsa um valor para aluguel mensal que, atualmente, j\u00e1 n\u00e3o faz mais sentido, tendo em visto que h\u00e1 leitos dispon\u00edveis em outras unidades. &#8220;O Hospital Santa Paula est\u00e1 funciona com pacientes em UTI e disp\u00f5e de 150 leitos, sendo 130 de enfermaria e 20 de UTI. N\u00e3o haver\u00e1 instabilidade ou inseguran\u00e7a&#8221;, declarou.<\/p>\n\n\n\n<p>Os equipamentos do Hospital Solid\u00e1rio ser\u00e3o levados para os hospitais localizados no intrior da Para\u00edba.<\/p>\n\n\n\n<p>COM G1<\/p>\n","protected":false},"excerpt":{"rendered":"<p>O Hospital de Campanha, chamado de Hospital Solid\u00e1rio, em Santa Rita, na Grande Jo\u00e3o Pessoa, vai ser desativado a partir da pr\u00f3xima segunda-feira (3). De&hellip; <\/p>\n","protected":false},"author":1,"featured_media":181316,"comment_status":"closed","ping_status":"closed","sticky":false,"template":"","format":"standard","meta":{"sfsi_plus_gutenberg_text_before_share":"","sfsi_plus_gutenberg_show_text_before_share":"","sfsi_plus_gutenberg_icon_type":"","sfsi_plus_gutenberg_icon_alignemt":"","sfsi_plus_gutenburg_max_per_row":"","footnotes":""},"categories":[6,16],"tags":[],"class_list":["post-181302","post","type-post","status-publish","format-standard","has-post-thumbnail","hentry","category-cidades","category-saude"],"_links":{"self":[{"href":"https:\/\/www.caririemacao.com\/1\/wp-json\/wp\/v2\/posts\/181302","targetHints":{"allow":["GET"]}}],"collection":[{"href":"https:\/\/www.caririemacao.com\/1\/wp-json\/wp\/v2\/posts"}],"about":[{"href":"https:\/\/www.caririemacao.com\/1\/wp-json\/wp\/v2\/types\/post"}],"author":[{"embeddable":true,"href":"https:\/\/www.caririemacao.com\/1\/wp-json\/wp\/v2\/users\/1"}],"replies":[{"embeddable":true,"href":"https:\/\/www.caririemacao.com\/1\/wp-json\/wp\/v2\/comments?post=181302"}],"version-history":[{"count":1,"href":"https:\/\/www.caririemacao.com\/1\/wp-json\/wp\/v2\/posts\/181302\/revisions"}],"predecessor-version":[{"id":181317,"href":"https:\/\/www.caririemacao.com\/1\/wp-json\/wp\/v2\/posts\/181302\/revisions\/181317"}],"wp:featuredmedia":[{"embeddable":true,"href":"https:\/\/www.caririemacao.com\/1\/wp-json\/wp\/v2\/media\/181316"}],"wp:attachment":[{"href":"https:\/\/www.caririemacao.com\/1\/wp-json\/wp\/v2\/media?parent=181302"}],"wp:term":[{"taxonomy":"category","embeddable":true,"href":"https:\/\/www.caririemacao.com\/1\/wp-json\/wp\/v2\/categories?post=181302"},{"taxonomy":"post_tag","embeddable":true,"href":"https:\/\/www.caririemacao.com\/1\/wp-json\/wp\/v2\/tags?post=181302"}],"curies":[{"name":"wp","href":"https:\/\/api.w.org\/{rel}","templated":true}]}}