{"id":181309,"date":"2020-07-30T09:49:06","date_gmt":"2020-07-30T12:49:06","guid":{"rendered":"https:\/\/www.caririemacao.com\/1\/?p=181309"},"modified":"2020-07-30T09:49:06","modified_gmt":"2020-07-30T12:49:06","slug":"sp-quer-dobrar-producao-da-vacina-contra-o-coronavirus-e-espera-exportar-para-america-latina","status":"publish","type":"post","link":"https:\/\/www.caririemacao.com\/1\/2020\/07\/30\/sp-quer-dobrar-producao-da-vacina-contra-o-coronavirus-e-espera-exportar-para-america-latina\/","title":{"rendered":"SP quer dobrar produ\u00e7\u00e3o da vacina contra o coronav\u00edrus e espera exportar para Am\u00e9rica Latina"},"content":{"rendered":"\n<h1 class=\"wp-block-heading\"><\/h1>\n\n\n\n<p>O governo se reuniu com o mais de 200 empres\u00e1rios virtualmente para buscar doa\u00e7\u00f5es ao instituto que possibilitem esse aumento de capacidade.<\/p>\n\n\n\n<p>&#8220;N\u00f3s j\u00e1 conseguimos um compromisso de R$ 96 milh\u00f5es de um total de R$ 130 milh\u00f5es, que representa o valor da meta para dobrar a produ\u00e7\u00e3o&#8221;, disse o governador.<\/p>\n\n\n\n<p>Doria afirmou ainda que institui\u00e7\u00f5es p\u00fablicas e privadas de outros pa\u00edses latino-americanos procuraram o Instituto Butant\u00e3 para buscar informa\u00e7\u00f5es sobre a produ\u00e7\u00e3o da vacina. A ideia \u00e9 que o aumento de capacidade de produ\u00e7\u00e3o do imunizante possibilite sua exporta\u00e7\u00e3o para outros pa\u00edses.<\/p>\n","protected":false},"excerpt":{"rendered":"<p>O governo se reuniu com o mais de 200 empres\u00e1rios virtualmente para buscar doa\u00e7\u00f5es ao instituto que possibilitem esse aumento de capacidade. &#8220;N\u00f3s j\u00e1 conseguimos&hellip; <\/p>\n","protected":false},"author":2,"featured_media":181310,"comment_status":"closed","ping_status":"closed","sticky":false,"template":"","format":"standard","meta":{"sfsi_plus_gutenberg_text_before_share":"","sfsi_plus_gutenberg_show_text_before_share":"","sfsi_plus_gutenberg_icon_type":"","sfsi_plus_gutenberg_icon_alignemt":"","sfsi_plus_gutenburg_max_per_row":"","footnotes":""},"categories":[50,2],"tags":[],"class_list":["post-181309","post","type-post","status-publish","format-standard","has-post-thumbnail","hentry","category-destaque","category-geral"],"_links":{"self":[{"href":"https:\/\/www.caririemacao.com\/1\/wp-json\/wp\/v2\/posts\/181309","targetHints":{"allow":["GET"]}}],"collection":[{"href":"https:\/\/www.caririemacao.com\/1\/wp-json\/wp\/v2\/posts"}],"about":[{"href":"https:\/\/www.caririemacao.com\/1\/wp-json\/wp\/v2\/types\/post"}],"author":[{"embeddable":true,"href":"https:\/\/www.caririemacao.com\/1\/wp-json\/wp\/v2\/users\/2"}],"replies":[{"embeddable":true,"href":"https:\/\/www.caririemacao.com\/1\/wp-json\/wp\/v2\/comments?post=181309"}],"version-history":[{"count":1,"href":"https:\/\/www.caririemacao.com\/1\/wp-json\/wp\/v2\/posts\/181309\/revisions"}],"predecessor-version":[{"id":181311,"href":"https:\/\/www.caririemacao.com\/1\/wp-json\/wp\/v2\/posts\/181309\/revisions\/181311"}],"wp:featuredmedia":[{"embeddable":true,"href":"https:\/\/www.caririemacao.com\/1\/wp-json\/wp\/v2\/media\/181310"}],"wp:attachment":[{"href":"https:\/\/www.caririemacao.com\/1\/wp-json\/wp\/v2\/media?parent=181309"}],"wp:term":[{"taxonomy":"category","embeddable":true,"href":"https:\/\/www.caririemacao.com\/1\/wp-json\/wp\/v2\/categories?post=181309"},{"taxonomy":"post_tag","embeddable":true,"href":"https:\/\/www.caririemacao.com\/1\/wp-json\/wp\/v2\/tags?post=181309"}],"curies":[{"name":"wp","href":"https:\/\/api.w.org\/{rel}","templated":true}]}}