{"id":181315,"date":"2020-07-30T09:53:22","date_gmt":"2020-07-30T12:53:22","guid":{"rendered":"https:\/\/www.caririemacao.com\/1\/?p=181315"},"modified":"2020-07-30T09:53:22","modified_gmt":"2020-07-30T12:53:22","slug":"paraiba-consegue-interromper-decada-de-queda-de-leitos-no-sus-durante-pandemia-mas-ainda-tem-deficit-aponta-conselho-federal-de-medicina","status":"publish","type":"post","link":"https:\/\/www.caririemacao.com\/1\/2020\/07\/30\/paraiba-consegue-interromper-decada-de-queda-de-leitos-no-sus-durante-pandemia-mas-ainda-tem-deficit-aponta-conselho-federal-de-medicina\/","title":{"rendered":"Para\u00edba consegue interromper d\u00e9cada de queda de leitos no SUS durante pandemia, mas ainda tem d\u00e9ficit, aponta Conselho Federal de Medicina"},"content":{"rendered":"\n<h1 class=\"wp-block-heading\"><\/h1>\n\n\n\n<p>A Para\u00edba conseguiu interromper, em mar\u00e7o de 2020, quase uma d\u00e9cada de queda no n\u00famero de leitos dispon\u00edveis pelo Sistema \u00danico de Sa\u00fade (SUS). Com in\u00edcio da pandemia do novo coronav\u00edrus, a Para\u00edba e diversos outros estados do Brasil aumentaram a oferta de vagas. Isso n\u00e3o acontecia pelo menos desde 2011, segundo dados divulgados pela Conselho Federal de Medicina e coletados junto ao Cadastro Nacional de Estabelecimentos de Sa\u00fade (CNES).<\/p>\n\n\n\n<p>Cerca de 22,8 mil novos leitos de interna\u00e7\u00e3o \u2013 aqueles destinados a quem precisa permanecer num hospital por mais de 24 horas \u2013 foram habilitados nos \u00faltimos meses pelo SUS em todo o Brasil para atender pacientes confirmados ou com suspeita de Covid-19.<\/p>\n\n\n\n<p>Os n\u00fameros mostram que a Para\u00edba tinha 8.066 leitos em 2011 e depois seguiu em queda para 7.922 (2012), 7.778 (2013), 7.696 (2014), 7.262 (2015), 7.140 (2016), 7.162 (2017), e 6.882 (2018). Houve alta de apenas seis leitos em 2019: 6.888. Mas a queda foi maior do que esse aumento, no come\u00e7o de 2020: 6.457 em janeiro, 6.449 em fevereiro.<\/p>\n\n\n\n<p>Ent\u00e3o em mar\u00e7o, houve alta de 6.449 para 6.510 e depois algumas oscila\u00e7\u00f5es: 6.493 em abril, 6.499 em maio e 6.623 em junho. Mas com ganho de 174 leitos na pandemia. J\u00e1 considerando as capitais, Jo\u00e3o Pessoa teve acr\u00e9scimo&nbsp;de 22 leitos, conforme dados do Conselho Federal de Medicina.<\/p>\n\n\n\n<figure class=\"wp-block-image\"><img decoding=\"async\" data-src=\"https:\/\/www.clickpb.com.br\/media\/filer_public\/02\/37\/0237d7ae-c492-4c78-8a8c-469a4cedf04f\/leitos_por_estados_paraiba_consegue_interromper_decada_de_queda_de_leitos_no_sus_durante_pandemia_mas_ainda_tem_deficit_aponta_conselho_federal_de_medicina.jpg\" alt=\"\" src=\"data:image\/svg+xml;base64,PHN2ZyB3aWR0aD0iMSIgaGVpZ2h0PSIxIiB4bWxucz0iaHR0cDovL3d3dy53My5vcmcvMjAwMC9zdmciPjwvc3ZnPg==\" class=\"lazyload\" \/><\/figure>\n\n\n\n<figure class=\"wp-block-image\"><img decoding=\"async\" data-src=\"https:\/\/www.clickpb.com.br\/media\/filer_public\/f3\/99\/f39992a1-119d-4d39-80b9-67f8546b6fa5\/leitos_por_capital_paraiba_consegue_interromper_decada_de_queda_de_leitos_no_sus_durante_pandemia_mas_ainda_tem_deficit_aponta_conselho_federal_de_medicina.jpg\" alt=\"\" src=\"data:image\/svg+xml;base64,PHN2ZyB3aWR0aD0iMSIgaGVpZ2h0PSIxIiB4bWxucz0iaHR0cDovL3d3dy53My5vcmcvMjAwMC9zdmciPjwvc3ZnPg==\" class=\"lazyload\" \/><\/figure>\n\n\n\n<p>Para o CFM, o aumento, que est\u00e1 diretamente relacionado \u00e0 situa\u00e7\u00e3o de pandemia, tende a oferecer aos brasileiros que dependem do SUS uma retaguarda provis\u00f3ria e tempor\u00e1ria. Com o fim da pandemia, a expectativa \u00e9 de que estes leitos, muitos deles nos chamados hospitais de campanha, voltem a ser desativados \u2013 a exemplo do que j\u00e1 tem sido constatado em estados como Pernambuco, S\u00e3o Paulo e outros.<\/p>\n\n\n\n<p>Em rela\u00e7\u00e3o \u00e0 Para\u00edba, nessa ter\u00e7a-feira (28), o secret\u00e1rio Geraldo Medeiros informou ao ClickPB que os equipamentos hospitalares instalados no Hospital Solid\u00e1rio (de campanha) ser\u00e3o redistribu\u00eddos nos hospitais do Sert\u00e3o paraibano.<\/p>\n\n\n\n<p>&#8220;Por anos alertamos sobre essas distor\u00e7\u00f5es. Enquanto os gestores \u2013 ao longo de diferentes governos &#8211; seguiam fechando leitos, milhares de brasileiros aguardavam, e ainda aguardam, na fila do SUS para realizar uma cirurgia eletiva, por exemplo\u201d, lembra o presidente do CFM, Mauro Ribeiro. Segundo ele, a abertura de novos leitos seria um passo importante rumo ao equil\u00edbrio entre a capacidade de atendimento e a necessidade daqueles que dependem do SUS.<\/p>\n\n\n\n<p>Na sua avalia\u00e7\u00e3o, espera-se que essa medida, aparentemente pontual e tempor\u00e1ria, seja o in\u00edcio de uma verdadeira mudan\u00e7a para a assist\u00eancia hospitalar na rede p\u00fablica, com a manuten\u00e7\u00e3o do total dos leitos habilitados, ou ao menos parte deles, para assegurar melhor atendimento para brasileiros com outros agravos de sa\u00fade, que aguardam por atendimento.<\/p>\n\n\n\n<p>O ritmo de queda nos leitos de interna\u00e7\u00e3o foi interrompido entre fevereiro e mar\u00e7o deste ano, per\u00edodo em que foi publicada a Portaria n\u00ba 237\/SAES\/MS, de 18\/03\/2020, que permitiu a habilita\u00e7\u00e3o de leitos de interna\u00e7\u00e3o hospitalar para atendimento de pacientes com Covid-19. Com a baixa no n\u00famero de casos de contamina\u00e7\u00e3o pelo novo coronav\u00edrus em diversos estados, no entanto, a tend\u00eancia \u00e9 de que novamente os leitos voltem a cair no pa\u00eds.<\/p>\n","protected":false},"excerpt":{"rendered":"<p>A Para\u00edba conseguiu interromper, em mar\u00e7o de 2020, quase uma d\u00e9cada de queda no n\u00famero de leitos dispon\u00edveis pelo Sistema \u00danico de Sa\u00fade (SUS). Com&hellip; <\/p>\n","protected":false},"author":2,"featured_media":181320,"comment_status":"closed","ping_status":"closed","sticky":false,"template":"","format":"standard","meta":{"sfsi_plus_gutenberg_text_before_share":"","sfsi_plus_gutenberg_show_text_before_share":"","sfsi_plus_gutenberg_icon_type":"","sfsi_plus_gutenberg_icon_alignemt":"","sfsi_plus_gutenburg_max_per_row":"","footnotes":""},"categories":[16],"tags":[],"class_list":["post-181315","post","type-post","status-publish","format-standard","has-post-thumbnail","hentry","category-saude"],"_links":{"self":[{"href":"https:\/\/www.caririemacao.com\/1\/wp-json\/wp\/v2\/posts\/181315","targetHints":{"allow":["GET"]}}],"collection":[{"href":"https:\/\/www.caririemacao.com\/1\/wp-json\/wp\/v2\/posts"}],"about":[{"href":"https:\/\/www.caririemacao.com\/1\/wp-json\/wp\/v2\/types\/post"}],"author":[{"embeddable":true,"href":"https:\/\/www.caririemacao.com\/1\/wp-json\/wp\/v2\/users\/2"}],"replies":[{"embeddable":true,"href":"https:\/\/www.caririemacao.com\/1\/wp-json\/wp\/v2\/comments?post=181315"}],"version-history":[{"count":1,"href":"https:\/\/www.caririemacao.com\/1\/wp-json\/wp\/v2\/posts\/181315\/revisions"}],"predecessor-version":[{"id":181321,"href":"https:\/\/www.caririemacao.com\/1\/wp-json\/wp\/v2\/posts\/181315\/revisions\/181321"}],"wp:featuredmedia":[{"embeddable":true,"href":"https:\/\/www.caririemacao.com\/1\/wp-json\/wp\/v2\/media\/181320"}],"wp:attachment":[{"href":"https:\/\/www.caririemacao.com\/1\/wp-json\/wp\/v2\/media?parent=181315"}],"wp:term":[{"taxonomy":"category","embeddable":true,"href":"https:\/\/www.caririemacao.com\/1\/wp-json\/wp\/v2\/categories?post=181315"},{"taxonomy":"post_tag","embeddable":true,"href":"https:\/\/www.caririemacao.com\/1\/wp-json\/wp\/v2\/tags?post=181315"}],"curies":[{"name":"wp","href":"https:\/\/api.w.org\/{rel}","templated":true}]}}