{"id":181318,"date":"2020-07-30T09:55:40","date_gmt":"2020-07-30T12:55:40","guid":{"rendered":"https:\/\/www.caririemacao.com\/1\/?p=181318"},"modified":"2020-07-30T09:55:40","modified_gmt":"2020-07-30T12:55:40","slug":"abertas-inscricoes-em-selecao-para-equipe-de-profissionais-do-sistema-prisional-da-paraiba","status":"publish","type":"post","link":"https:\/\/www.caririemacao.com\/1\/2020\/07\/30\/abertas-inscricoes-em-selecao-para-equipe-de-profissionais-do-sistema-prisional-da-paraiba\/","title":{"rendered":"Abertas inscri\u00e7\u00f5es em sele\u00e7\u00e3o para equipe de profissionais do Sistema Prisional da Para\u00edba"},"content":{"rendered":"\n<p>Est\u00e3o abertas inscri\u00e7\u00f5es para o preenchimento de dez vagas para compor a equipe do Sistema Penitenci\u00e1rio da Para\u00edba. As vagas s\u00e3o para assistente social, pedagogo, psic\u00f3logo e advogado. As inscri\u00e7\u00f5es devem ser feitas at\u00e9 o dia 1\u00ba de agosto, exclusivamente pela internet no&nbsp;<a href=\"https:\/\/portaldacidadania.pb.gov.br\/ConcursoSelecao\/Governo\/Concurso\/ListaConcurso#1\" target=\"_blank\" rel=\"noreferrer noopener\">Portal da Cidadania<\/a>.<\/p>\n\n\n\n<p>Est\u00e3o sendo oferecidas tr\u00eas vagas para assistente social, sendo duas em Jo\u00e3o Pessoa e uma em Campina Grande, tr\u00eas para psic\u00f3logo, sendo duas em Jo\u00e3o Pessoa e uma em Campina Grande, duas vagas paga pedagogo, uma em cada cidade, e duas vagas para advogado, tamb\u00e9m uma para cada cidade.<\/p>\n\n\n\n<p>A carga hor\u00e1ria de trabalho \u00e9 de 30 horas semanais e os sal\u00e1rios variam de R$ 2.639,10 at\u00e9 R$ 3.318,10.<\/p>\n\n\n\n<p>O processo de sele\u00e7\u00e3o ser\u00e1 realizado em duas etapas: a primeira ser\u00e1 a an\u00e1lise de curr\u00edculo, valendo at\u00e9 cinco pontos. E a segunda ser\u00e1 uma entrevista, com at\u00e9 cinco pontos. A primeira etapa tem car\u00e1ter eliminat\u00f3rio e a segunda, al\u00e9m de poder eliminar tamb\u00e9m, tem car\u00e1ter classificat\u00f3rio.<\/p>\n\n\n\n<p>A an\u00e1lise curricular deve acontecer entre os dias 3 e 6 de agosto e a divulga\u00e7\u00e3o do resultado preliminar no dia 8 de agosto. J\u00e1 a segunda etapa acontece entre os dias 17 e 27 de agosto, com resultado final previsto para ser divulgado no dia 1\u00ba de setembro.<\/p>\n\n\n\n<p>COM G1<\/p>\n","protected":false},"excerpt":{"rendered":"<p>Est\u00e3o abertas inscri\u00e7\u00f5es para o preenchimento de dez vagas para compor a equipe do Sistema Penitenci\u00e1rio da Para\u00edba. As vagas s\u00e3o para assistente social, pedagogo,&hellip; <\/p>\n","protected":false},"author":1,"featured_media":181326,"comment_status":"closed","ping_status":"closed","sticky":false,"template":"","format":"standard","meta":{"sfsi_plus_gutenberg_text_before_share":"","sfsi_plus_gutenberg_show_text_before_share":"","sfsi_plus_gutenberg_icon_type":"","sfsi_plus_gutenberg_icon_alignemt":"","sfsi_plus_gutenburg_max_per_row":"","footnotes":""},"categories":[50],"tags":[],"class_list":["post-181318","post","type-post","status-publish","format-standard","has-post-thumbnail","hentry","category-destaque"],"_links":{"self":[{"href":"https:\/\/www.caririemacao.com\/1\/wp-json\/wp\/v2\/posts\/181318","targetHints":{"allow":["GET"]}}],"collection":[{"href":"https:\/\/www.caririemacao.com\/1\/wp-json\/wp\/v2\/posts"}],"about":[{"href":"https:\/\/www.caririemacao.com\/1\/wp-json\/wp\/v2\/types\/post"}],"author":[{"embeddable":true,"href":"https:\/\/www.caririemacao.com\/1\/wp-json\/wp\/v2\/users\/1"}],"replies":[{"embeddable":true,"href":"https:\/\/www.caririemacao.com\/1\/wp-json\/wp\/v2\/comments?post=181318"}],"version-history":[{"count":1,"href":"https:\/\/www.caririemacao.com\/1\/wp-json\/wp\/v2\/posts\/181318\/revisions"}],"predecessor-version":[{"id":181327,"href":"https:\/\/www.caririemacao.com\/1\/wp-json\/wp\/v2\/posts\/181318\/revisions\/181327"}],"wp:featuredmedia":[{"embeddable":true,"href":"https:\/\/www.caririemacao.com\/1\/wp-json\/wp\/v2\/media\/181326"}],"wp:attachment":[{"href":"https:\/\/www.caririemacao.com\/1\/wp-json\/wp\/v2\/media?parent=181318"}],"wp:term":[{"taxonomy":"category","embeddable":true,"href":"https:\/\/www.caririemacao.com\/1\/wp-json\/wp\/v2\/categories?post=181318"},{"taxonomy":"post_tag","embeddable":true,"href":"https:\/\/www.caririemacao.com\/1\/wp-json\/wp\/v2\/tags?post=181318"}],"curies":[{"name":"wp","href":"https:\/\/api.w.org\/{rel}","templated":true}]}}