{"id":181319,"date":"2020-07-30T09:58:14","date_gmt":"2020-07-30T12:58:14","guid":{"rendered":"https:\/\/www.caririemacao.com\/1\/?p=181319"},"modified":"2020-07-30T09:58:14","modified_gmt":"2020-07-30T12:58:14","slug":"governo-reabre-fronteiras-para-estrangeiros-em-voos-restricao-segue-valendo-para-cinco-estados","status":"publish","type":"post","link":"https:\/\/www.caririemacao.com\/1\/2020\/07\/30\/governo-reabre-fronteiras-para-estrangeiros-em-voos-restricao-segue-valendo-para-cinco-estados\/","title":{"rendered":"Governo reabre fronteiras para estrangeiros em voos; restri\u00e7\u00e3o segue valendo para cinco estados"},"content":{"rendered":"\n<p>O governo federal decidiu reabrir nesta quarta-feira (29), por 30 dias, as fronteiras do Brasil para passageiros estrangeiros em viagens de avi\u00e3o. A restri\u00e7\u00e3o tinha sido definida em mar\u00e7o e vinha sendo renovada, a cada m\u00eas, como estrat\u00e9gia de combate ao&nbsp;<a href=\"https:\/\/g1.globo.com\/bemestar\/coronavirus\/\">novo coronav\u00edrus<\/a>.<\/p>\n\n\n\n<p>A portaria publicada em edi\u00e7\u00e3o extra do &#8220;Di\u00e1rio Oficial da Uni\u00e3o&#8221;\u00a0mant\u00e9m a restri\u00e7\u00e3o da entrada em cinco estados: Mato Grosso do Sul, Para\u00edba, Rond\u00f4nia, Rio Grande do Sul e Tocantins. Ou seja: os voos internacionais com pouso previsto nesses aeroportos continuam barrados at\u00e9 o fim de agosto.<\/p>\n\n\n\n<p>O documento n\u00e3o explica por que apenas esses terminais tiveram a restri\u00e7\u00e3o de funcionamento mantida.<\/p>\n\n\n\n<p>A portaria anterior, de junho, previa a entrada por vias a\u00e9reas apenas pelos aeroportos do Gale\u00e3o (RJ), de Bras\u00edlia (DF), de Guarulhos e Viracopos (ambos em SP).<\/p>\n\n\n\n<p>A entrada por esses terminais j\u00e1 era v\u00e1lida para qualquer estrangeiro para estadia de curta dura\u00e7\u00e3o ou por finalidades de estudo, trabalho, realiza\u00e7\u00e3o de investimento, reuni\u00e3o familiar ou atividades art\u00edsticas os desportivas.<\/p>\n\n\n\n<figure class=\"wp-block-image\"><img decoding=\"async\" data-src=\"https:\/\/s03.video.glbimg.com\/x240\/8668458.jpg\" alt=\"No in\u00edcio do m\u00eas, companhias a\u00e9reas tamb\u00e9m come\u00e7aram a retomar voos nacionais\" title=\"No in\u00edcio do m\u00eas, companhias a\u00e9reas tamb\u00e9m come\u00e7aram a retomar voos nacionais\" src=\"data:image\/svg+xml;base64,PHN2ZyB3aWR0aD0iMSIgaGVpZ2h0PSIxIiB4bWxucz0iaHR0cDovL3d3dy53My5vcmcvMjAwMC9zdmciPjwvc3ZnPg==\" class=\"lazyload\" \/><\/figure>\n\n\n\n<p>No in\u00edcio do m\u00eas, companhias a\u00e9reas tamb\u00e9m come\u00e7aram a retomar voos nacionais<\/p>\n\n\n\n<p>Segundo a portaria, os turistas ter\u00e3o que obedecer os &#8220;requisitos migrat\u00f3rios adequados \u00e0 sua condi\u00e7\u00e3o, inclusive o de portar visto de entrada, quando este for exigido pelo ordenamento jur\u00eddico brasileiro&#8221;.<\/p>\n\n\n\n<p>Estrangeiros com visto de visita para estadia de curta dura\u00e7\u00e3o \u2013 at\u00e9 90 dias \u2013 dever\u00e3o apresentar \u00e0 empresa, antes do embarque, comprovante de aquisi\u00e7\u00e3o do seguro-sa\u00fade. O documento deve ser v\u00e1lido no Brasil e ter dura\u00e7\u00e3o para toda a estadia prevista. Caso contr\u00e1rio, a entrada em territ\u00f3rio nacional poder\u00e1 ser proibida.<\/p>\n\n\n\n<p>As restri\u00e7\u00f5es de acesso por vias terrestres e aqu\u00e1ticas tamb\u00e9m foram mantidas, assim como as exce\u00e7\u00f5es a essas regras. A portaria \u00e9 assinada pelos ministros Andr\u00e9 Mendon\u00e7a (Justi\u00e7a), Braga Netto (Casa Civil), Tarc\u00edsio Gomes (Infraestrutura) e Eduardo Pazuello (Sa\u00fade, interino).<\/p>\n\n\n\n<p>Em mar\u00e7o, o governo passou a adotar medidas de restri\u00e7\u00e3o de entrada de estrangeiros como forma de conter o avan\u00e7o da pandemia no pa\u00eds. Desde ent\u00e3o, o prazo tem sido estendido pelas autoridades brasileiras a cada m\u00eas.<\/p>\n\n\n\n<p>COM G1<\/p>\n","protected":false},"excerpt":{"rendered":"<p>O governo federal decidiu reabrir nesta quarta-feira (29), por 30 dias, as fronteiras do Brasil para passageiros estrangeiros em viagens de avi\u00e3o. A restri\u00e7\u00e3o tinha&hellip; <\/p>\n","protected":false},"author":1,"featured_media":181329,"comment_status":"closed","ping_status":"closed","sticky":false,"template":"","format":"standard","meta":{"sfsi_plus_gutenberg_text_before_share":"","sfsi_plus_gutenberg_show_text_before_share":"","sfsi_plus_gutenberg_icon_type":"","sfsi_plus_gutenberg_icon_alignemt":"","sfsi_plus_gutenburg_max_per_row":"","footnotes":""},"categories":[50],"tags":[],"class_list":["post-181319","post","type-post","status-publish","format-standard","has-post-thumbnail","hentry","category-destaque"],"_links":{"self":[{"href":"https:\/\/www.caririemacao.com\/1\/wp-json\/wp\/v2\/posts\/181319","targetHints":{"allow":["GET"]}}],"collection":[{"href":"https:\/\/www.caririemacao.com\/1\/wp-json\/wp\/v2\/posts"}],"about":[{"href":"https:\/\/www.caririemacao.com\/1\/wp-json\/wp\/v2\/types\/post"}],"author":[{"embeddable":true,"href":"https:\/\/www.caririemacao.com\/1\/wp-json\/wp\/v2\/users\/1"}],"replies":[{"embeddable":true,"href":"https:\/\/www.caririemacao.com\/1\/wp-json\/wp\/v2\/comments?post=181319"}],"version-history":[{"count":1,"href":"https:\/\/www.caririemacao.com\/1\/wp-json\/wp\/v2\/posts\/181319\/revisions"}],"predecessor-version":[{"id":181330,"href":"https:\/\/www.caririemacao.com\/1\/wp-json\/wp\/v2\/posts\/181319\/revisions\/181330"}],"wp:featuredmedia":[{"embeddable":true,"href":"https:\/\/www.caririemacao.com\/1\/wp-json\/wp\/v2\/media\/181329"}],"wp:attachment":[{"href":"https:\/\/www.caririemacao.com\/1\/wp-json\/wp\/v2\/media?parent=181319"}],"wp:term":[{"taxonomy":"category","embeddable":true,"href":"https:\/\/www.caririemacao.com\/1\/wp-json\/wp\/v2\/categories?post=181319"},{"taxonomy":"post_tag","embeddable":true,"href":"https:\/\/www.caririemacao.com\/1\/wp-json\/wp\/v2\/tags?post=181319"}],"curies":[{"name":"wp","href":"https:\/\/api.w.org\/{rel}","templated":true}]}}