{"id":181336,"date":"2020-07-30T10:36:05","date_gmt":"2020-07-30T13:36:05","guid":{"rendered":"https:\/\/www.caririemacao.com\/1\/?p=181336"},"modified":"2020-07-30T10:36:05","modified_gmt":"2020-07-30T13:36:05","slug":"casal-e-morto-a-tiros-dentro-da-propria-casa-em-caldas-brandao-na-paraiba","status":"publish","type":"post","link":"https:\/\/www.caririemacao.com\/1\/2020\/07\/30\/casal-e-morto-a-tiros-dentro-da-propria-casa-em-caldas-brandao-na-paraiba\/","title":{"rendered":"Casal \u00e9 morto a tiros dentro da pr\u00f3pria casa, em Caldas Brand\u00e3o, na Para\u00edba"},"content":{"rendered":"\n<p>Uma mulher de 18 anos e um homem de 28 anos foram assassinados na tarde dessa quarta-feira (29). Os corpos das v\u00edtimas foram encontrados dentro da casa do casal. O crime aconteceu no distrito do Caj\u00e1, munic\u00edpio de Caldas Brand\u00e3o, na Para\u00edba.<\/p>\n\n\n\n<p>De acordo com a Pol\u00edcia Militar, o duplo homic\u00eddio foi praticado por pelo menos cinco pessoas que chegaram \u00e0 resid\u00eancia do casal em um carro escuro, segundo relataram testemunhas \u00e0 pol\u00edcia.<\/p>\n\n\n\n<p>A Pol\u00edcia Civil est\u00e1 investigando o caso, mas at\u00e9 as 7h10 desta quinta-feira (30) nenhum suspeito havia sido localizado ou preso.<\/p>\n\n\n\n<p>COM G1<\/p>\n","protected":false},"excerpt":{"rendered":"<p>Uma mulher de 18 anos e um homem de 28 anos foram assassinados na tarde dessa quarta-feira (29). Os corpos das v\u00edtimas foram encontrados dentro&hellip; <\/p>\n","protected":false},"author":1,"featured_media":181337,"comment_status":"closed","ping_status":"closed","sticky":false,"template":"","format":"standard","meta":{"sfsi_plus_gutenberg_text_before_share":"","sfsi_plus_gutenberg_show_text_before_share":"","sfsi_plus_gutenberg_icon_type":"","sfsi_plus_gutenberg_icon_alignemt":"","sfsi_plus_gutenburg_max_per_row":"","footnotes":""},"categories":[50,12],"tags":[],"class_list":["post-181336","post","type-post","status-publish","format-standard","has-post-thumbnail","hentry","category-destaque","category-policia"],"_links":{"self":[{"href":"https:\/\/www.caririemacao.com\/1\/wp-json\/wp\/v2\/posts\/181336","targetHints":{"allow":["GET"]}}],"collection":[{"href":"https:\/\/www.caririemacao.com\/1\/wp-json\/wp\/v2\/posts"}],"about":[{"href":"https:\/\/www.caririemacao.com\/1\/wp-json\/wp\/v2\/types\/post"}],"author":[{"embeddable":true,"href":"https:\/\/www.caririemacao.com\/1\/wp-json\/wp\/v2\/users\/1"}],"replies":[{"embeddable":true,"href":"https:\/\/www.caririemacao.com\/1\/wp-json\/wp\/v2\/comments?post=181336"}],"version-history":[{"count":1,"href":"https:\/\/www.caririemacao.com\/1\/wp-json\/wp\/v2\/posts\/181336\/revisions"}],"predecessor-version":[{"id":181338,"href":"https:\/\/www.caririemacao.com\/1\/wp-json\/wp\/v2\/posts\/181336\/revisions\/181338"}],"wp:featuredmedia":[{"embeddable":true,"href":"https:\/\/www.caririemacao.com\/1\/wp-json\/wp\/v2\/media\/181337"}],"wp:attachment":[{"href":"https:\/\/www.caririemacao.com\/1\/wp-json\/wp\/v2\/media?parent=181336"}],"wp:term":[{"taxonomy":"category","embeddable":true,"href":"https:\/\/www.caririemacao.com\/1\/wp-json\/wp\/v2\/categories?post=181336"},{"taxonomy":"post_tag","embeddable":true,"href":"https:\/\/www.caririemacao.com\/1\/wp-json\/wp\/v2\/tags?post=181336"}],"curies":[{"name":"wp","href":"https:\/\/api.w.org\/{rel}","templated":true}]}}