{"id":181342,"date":"2020-07-30T10:41:59","date_gmt":"2020-07-30T13:41:59","guid":{"rendered":"https:\/\/www.caririemacao.com\/1\/?p=181342"},"modified":"2020-07-30T10:41:59","modified_gmt":"2020-07-30T13:41:59","slug":"crianca-de-4-anos-e-mordida-no-rosto-e-pai-fica-ferido-apos-ataque-de-cachorro-em-joao-pessoa","status":"publish","type":"post","link":"https:\/\/www.caririemacao.com\/1\/2020\/07\/30\/crianca-de-4-anos-e-mordida-no-rosto-e-pai-fica-ferido-apos-ataque-de-cachorro-em-joao-pessoa\/","title":{"rendered":"Crian\u00e7a de 4 anos \u00e9 mordida no rosto e pai fica ferido ap\u00f3s ataque de cachorro, em Jo\u00e3o Pessoa"},"content":{"rendered":"\n<p>Um menina, de 4 anos, e o pai dela, de 21 anos, foram atacados por um cachorro da ra\u00e7a pitbull no in\u00edcio da noite desta quarta-feira (29), no Bairro das Ind\u00fastrias, em Jo\u00e3o Pessoa. Conforme informa\u00e7\u00f5es do Samu, o ataque aconteceu na frente da casa em que a fam\u00edlia mora.<\/p>\n\n\n\n<p>A garota saiu de casa para receber o pai, que voltava do trabalho, quando foi mordida pelo animal na regi\u00e3o da bochecha e dos ombros. O homem defendeu a filha e tamb\u00e9m foi ferido com arranh\u00f5es.<\/p>\n\n\n\n<p>\u00c0&nbsp;<strong>TV Cabo Branco<\/strong>, o tutor do cachorro informou que o animal \u00e9 d\u00f3cil, que ele fica preso e que o acidente foi uma fatalidade. Ele disse ainda que vai se responsabilizar pelo o que aconteceu.<\/p>\n\n\n\n<p>Pai e filha passaram por atendimento m\u00e9dico pelo Samu. A menina foi socorrida para o Hospital de Emerg\u00eancia e Trauma Senador Humberto Lucena. J\u00e1 o pai foi encaminhado para o Hospital Edson Ramalho. Ambos est\u00e3o com quadro de sa\u00fade est\u00e1vel.<\/p>\n\n\n\n<p>COM G1 PB<\/p>\n","protected":false},"excerpt":{"rendered":"<p>Um menina, de 4 anos, e o pai dela, de 21 anos, foram atacados por um cachorro da ra\u00e7a pitbull no in\u00edcio da noite desta&hellip; <\/p>\n","protected":false},"author":1,"featured_media":181347,"comment_status":"closed","ping_status":"closed","sticky":false,"template":"","format":"standard","meta":{"sfsi_plus_gutenberg_text_before_share":"","sfsi_plus_gutenberg_show_text_before_share":"","sfsi_plus_gutenberg_icon_type":"","sfsi_plus_gutenberg_icon_alignemt":"","sfsi_plus_gutenburg_max_per_row":"","footnotes":""},"categories":[2,12],"tags":[],"class_list":["post-181342","post","type-post","status-publish","format-standard","has-post-thumbnail","hentry","category-geral","category-policia"],"_links":{"self":[{"href":"https:\/\/www.caririemacao.com\/1\/wp-json\/wp\/v2\/posts\/181342","targetHints":{"allow":["GET"]}}],"collection":[{"href":"https:\/\/www.caririemacao.com\/1\/wp-json\/wp\/v2\/posts"}],"about":[{"href":"https:\/\/www.caririemacao.com\/1\/wp-json\/wp\/v2\/types\/post"}],"author":[{"embeddable":true,"href":"https:\/\/www.caririemacao.com\/1\/wp-json\/wp\/v2\/users\/1"}],"replies":[{"embeddable":true,"href":"https:\/\/www.caririemacao.com\/1\/wp-json\/wp\/v2\/comments?post=181342"}],"version-history":[{"count":1,"href":"https:\/\/www.caririemacao.com\/1\/wp-json\/wp\/v2\/posts\/181342\/revisions"}],"predecessor-version":[{"id":181348,"href":"https:\/\/www.caririemacao.com\/1\/wp-json\/wp\/v2\/posts\/181342\/revisions\/181348"}],"wp:featuredmedia":[{"embeddable":true,"href":"https:\/\/www.caririemacao.com\/1\/wp-json\/wp\/v2\/media\/181347"}],"wp:attachment":[{"href":"https:\/\/www.caririemacao.com\/1\/wp-json\/wp\/v2\/media?parent=181342"}],"wp:term":[{"taxonomy":"category","embeddable":true,"href":"https:\/\/www.caririemacao.com\/1\/wp-json\/wp\/v2\/categories?post=181342"},{"taxonomy":"post_tag","embeddable":true,"href":"https:\/\/www.caririemacao.com\/1\/wp-json\/wp\/v2\/tags?post=181342"}],"curies":[{"name":"wp","href":"https:\/\/api.w.org\/{rel}","templated":true}]}}