{"id":181343,"date":"2020-07-30T10:45:40","date_gmt":"2020-07-30T13:45:40","guid":{"rendered":"https:\/\/www.caririemacao.com\/1\/?p=181343"},"modified":"2020-07-30T10:45:40","modified_gmt":"2020-07-30T13:45:40","slug":"homem-e-preso-suspeito-de-queimar-corpo-de-companheira-com-agua-quente-na-pb","status":"publish","type":"post","link":"https:\/\/www.caririemacao.com\/1\/2020\/07\/30\/homem-e-preso-suspeito-de-queimar-corpo-de-companheira-com-agua-quente-na-pb\/","title":{"rendered":"Homem \u00e9 preso suspeito de queimar corpo de companheira com \u00e1gua quente, na PB"},"content":{"rendered":"\n<p>Um homem foi preso em flagrante nesta quarta-feira (29) ap\u00f3s queimar o corpo da companheira com \u00e1gua quente, em Sert\u00e3ozinho, munic\u00edpio do Agreste paraibano. A Pol\u00edcia Militar n\u00e3o soube explicar o que teria motivado o crime.<\/p>\n\n\n\n<p>A PM recebeu den\u00fancias an\u00f4nimas sobre a agress\u00e3o e foi at\u00e9 a casa da v\u00edtima. Quando chegou ao local, ela havia sido socorrida pelo Samu para o Hospital Regional de Guarabira. O&nbsp;<strong>G1<\/strong>&nbsp;n\u00e3o conseguiu contato com unidade hospitalar at\u00e9 21h40 desta quarta.<\/p>\n\n\n\n<p>Ap\u00f3s rondas, o suspeito foi localizado e detido na Delegacia de Pol\u00edcia Civil de Guarabira.<\/p>\n\n\n\n<p>COM G1 PB<\/p>\n","protected":false},"excerpt":{"rendered":"<p>Um homem foi preso em flagrante nesta quarta-feira (29) ap\u00f3s queimar o corpo da companheira com \u00e1gua quente, em Sert\u00e3ozinho, munic\u00edpio do Agreste paraibano. A&hellip; <\/p>\n","protected":false},"author":1,"featured_media":181350,"comment_status":"closed","ping_status":"closed","sticky":false,"template":"","format":"standard","meta":{"sfsi_plus_gutenberg_text_before_share":"","sfsi_plus_gutenberg_show_text_before_share":"","sfsi_plus_gutenberg_icon_type":"","sfsi_plus_gutenberg_icon_alignemt":"","sfsi_plus_gutenburg_max_per_row":"","footnotes":""},"categories":[50,12],"tags":[],"class_list":["post-181343","post","type-post","status-publish","format-standard","has-post-thumbnail","hentry","category-destaque","category-policia"],"_links":{"self":[{"href":"https:\/\/www.caririemacao.com\/1\/wp-json\/wp\/v2\/posts\/181343","targetHints":{"allow":["GET"]}}],"collection":[{"href":"https:\/\/www.caririemacao.com\/1\/wp-json\/wp\/v2\/posts"}],"about":[{"href":"https:\/\/www.caririemacao.com\/1\/wp-json\/wp\/v2\/types\/post"}],"author":[{"embeddable":true,"href":"https:\/\/www.caririemacao.com\/1\/wp-json\/wp\/v2\/users\/1"}],"replies":[{"embeddable":true,"href":"https:\/\/www.caririemacao.com\/1\/wp-json\/wp\/v2\/comments?post=181343"}],"version-history":[{"count":1,"href":"https:\/\/www.caririemacao.com\/1\/wp-json\/wp\/v2\/posts\/181343\/revisions"}],"predecessor-version":[{"id":181352,"href":"https:\/\/www.caririemacao.com\/1\/wp-json\/wp\/v2\/posts\/181343\/revisions\/181352"}],"wp:featuredmedia":[{"embeddable":true,"href":"https:\/\/www.caririemacao.com\/1\/wp-json\/wp\/v2\/media\/181350"}],"wp:attachment":[{"href":"https:\/\/www.caririemacao.com\/1\/wp-json\/wp\/v2\/media?parent=181343"}],"wp:term":[{"taxonomy":"category","embeddable":true,"href":"https:\/\/www.caririemacao.com\/1\/wp-json\/wp\/v2\/categories?post=181343"},{"taxonomy":"post_tag","embeddable":true,"href":"https:\/\/www.caririemacao.com\/1\/wp-json\/wp\/v2\/tags?post=181343"}],"curies":[{"name":"wp","href":"https:\/\/api.w.org\/{rel}","templated":true}]}}