{"id":181344,"date":"2020-07-30T10:41:14","date_gmt":"2020-07-30T13:41:14","guid":{"rendered":"https:\/\/www.caririemacao.com\/1\/?p=181344"},"modified":"2020-07-30T10:41:14","modified_gmt":"2020-07-30T13:41:14","slug":"chamamento-publico-para-contratar-pediatras-em-campina-grande-e-aberto","status":"publish","type":"post","link":"https:\/\/www.caririemacao.com\/1\/2020\/07\/30\/chamamento-publico-para-contratar-pediatras-em-campina-grande-e-aberto\/","title":{"rendered":"Chamamento p\u00fablico para contratar pediatras em Campina Grande \u00e9 aberto"},"content":{"rendered":"\n<p>Um chamamento p\u00fablico, para contratar m\u00e9dicos especialistas nas \u00e1reas de pediatria e neonatologia foi aberto nesta quarta-feira (29), pela Secretaria de Sa\u00fade de Campina Grande. Os profissionais credenciados ir\u00e3o atuar em regime de plant\u00e3o de 12 horas, no Instituto de Sa\u00fade Elp\u00eddio de Almeida (Isea). Os m\u00e9dicos v\u00e3o receber entre R$ 1.300 e R$ 1.500.<\/p>\n\n\n\n<p>N\u00e3o existem limites de vagas e o credenciamento pode ser feito at\u00e9 o final do ano. Todos os profissionais que procurarem a secretaria ser\u00e3o cadastrado. Os m\u00e9dicos s\u00e3o chamados de acordo com a forma\u00e7\u00e3o e necessidade de cada escala.<\/p>\n\n\n\n<p>A contrata\u00e7\u00e3o imediata vai atender \u00e0 demanda crescente da maternidade, que aumentou devido \u00e0 pandemia de Covid-19. Para se cadastrar \u00e9 necess\u00e1rio procurar a Secretaria de Sa\u00fade com documentos pessoais e registro profissional em m\u00e3os.<\/p>\n\n\n\n<p>Atualmente, a maternidade conta com cerca de 20 m\u00e9dicos pediatras e neonatologistas na escala de profissionais. Contudo, a procura por atendimentos tem aumentado com o n\u00famero de partos realizados na unidade, j\u00e1 que muitos outros munic\u00edpios n\u00e3o est\u00e3o realizando partos em seus hospitais por causa da pandemia da Covid-19 e as gestantes s\u00e3o encaminhadas para Campina Grande.<\/p>\n\n\n\n<p>Al\u00e9m disso, diversos trabalhadores foram afastados preventivamente das suas atividades por pertencerem ao grupo de risco do novo coronav\u00edrus.<\/p>\n\n\n\n<p>COM G1 PB<\/p>\n","protected":false},"excerpt":{"rendered":"<p>Um chamamento p\u00fablico, para contratar m\u00e9dicos especialistas nas \u00e1reas de pediatria e neonatologia foi aberto nesta quarta-feira (29), pela Secretaria de Sa\u00fade de Campina Grande.&hellip; <\/p>\n","protected":false},"author":1,"featured_media":181345,"comment_status":"closed","ping_status":"closed","sticky":false,"template":"","format":"standard","meta":{"sfsi_plus_gutenberg_text_before_share":"","sfsi_plus_gutenberg_show_text_before_share":"","sfsi_plus_gutenberg_icon_type":"","sfsi_plus_gutenberg_icon_alignemt":"","sfsi_plus_gutenburg_max_per_row":"","footnotes":""},"categories":[6,50],"tags":[],"class_list":["post-181344","post","type-post","status-publish","format-standard","has-post-thumbnail","hentry","category-cidades","category-destaque"],"_links":{"self":[{"href":"https:\/\/www.caririemacao.com\/1\/wp-json\/wp\/v2\/posts\/181344","targetHints":{"allow":["GET"]}}],"collection":[{"href":"https:\/\/www.caririemacao.com\/1\/wp-json\/wp\/v2\/posts"}],"about":[{"href":"https:\/\/www.caririemacao.com\/1\/wp-json\/wp\/v2\/types\/post"}],"author":[{"embeddable":true,"href":"https:\/\/www.caririemacao.com\/1\/wp-json\/wp\/v2\/users\/1"}],"replies":[{"embeddable":true,"href":"https:\/\/www.caririemacao.com\/1\/wp-json\/wp\/v2\/comments?post=181344"}],"version-history":[{"count":1,"href":"https:\/\/www.caririemacao.com\/1\/wp-json\/wp\/v2\/posts\/181344\/revisions"}],"predecessor-version":[{"id":181346,"href":"https:\/\/www.caririemacao.com\/1\/wp-json\/wp\/v2\/posts\/181344\/revisions\/181346"}],"wp:featuredmedia":[{"embeddable":true,"href":"https:\/\/www.caririemacao.com\/1\/wp-json\/wp\/v2\/media\/181345"}],"wp:attachment":[{"href":"https:\/\/www.caririemacao.com\/1\/wp-json\/wp\/v2\/media?parent=181344"}],"wp:term":[{"taxonomy":"category","embeddable":true,"href":"https:\/\/www.caririemacao.com\/1\/wp-json\/wp\/v2\/categories?post=181344"},{"taxonomy":"post_tag","embeddable":true,"href":"https:\/\/www.caririemacao.com\/1\/wp-json\/wp\/v2\/tags?post=181344"}],"curies":[{"name":"wp","href":"https:\/\/api.w.org\/{rel}","templated":true}]}}