{"id":181355,"date":"2020-07-30T11:16:35","date_gmt":"2020-07-30T14:16:35","guid":{"rendered":"https:\/\/www.caririemacao.com\/1\/?p=181355"},"modified":"2020-07-30T11:16:35","modified_gmt":"2020-07-30T14:16:35","slug":"mppb-lanca-cartilha-sobre-prevencao-e-enfrentamento-ao-desaparecimento","status":"publish","type":"post","link":"https:\/\/www.caririemacao.com\/1\/2020\/07\/30\/mppb-lanca-cartilha-sobre-prevencao-e-enfrentamento-ao-desaparecimento\/","title":{"rendered":"MPPB lan\u00e7a cartilha sobre preven\u00e7\u00e3o e enfrentamento ao desaparecimento"},"content":{"rendered":"\n<p>O Minist\u00e9rio P\u00fablico da Para\u00edba (MPPB) lan\u00e7ou nesta quarta-feira (29),\u00a0uma cartilha sobre \u201cPreven\u00e7\u00e3o e enfrentamento ao desaparecimento\u201d. De acordo com o Anu\u00e1rio Brasileiro de Seguran\u00e7a P\u00fablica de 2017, 1.005 paraibanos desapareceram entre 2007 e 2016.<\/p>\n\n\n\n<p>Na quinta-feira (30) \u00e9 celebrado o Dia Mundial e Nacional de Enfrentamento ao Tr\u00e1fico de Pessoas. De acordo com o MPPB, considerando os dados do Anu\u00e1rio, foram 185 casos de desaparecimentos n\u00e3o solucionados, em 2017, e outros 105 registrados em 2018 (\u00faltimo ano com registros publicados) no estado.<\/p>\n\n\n\n<p>A cartilha feita pelo MPPB \u00e9 voltada a toda a sociedade, sobretudo a fam\u00edlias, pois traz orienta\u00e7\u00f5es sobre como prevenir e enfrentar o desaparecimento, principalmente, de crian\u00e7as e adolescentes, de pessoas com defici\u00eancia mental e de idosos, orientando sobre como agir em caso de desaparecimento e esclarecendo sobre os direitos na busca por uma pessoa desaparecida.<\/p>\n\n\n\n<p>A cartilha tamb\u00e9m contribui para desmitificar a cren\u00e7a de que se deve esperar 24 horas para comunicar o desaparecimento de algu\u00e9m e acionar as autoridades. Segundo a promotora de Justi\u00e7a Elaine Alencar, quando algu\u00e9m desaparece as fam\u00edlias devem procurar a delegacia para fazer o boletim de ocorr\u00eancia imediatamente.<\/p>\n\n\n\n<p>O documento tamb\u00e9m aponta os canais que os cidad\u00e3os podem pedir ajuda para solucionar casos de desaparecimentos, entre eles as pol\u00edcias Militar e Civil\/Delegacia Online, as promotorias de Justi\u00e7a e o pr\u00f3prio Plid (atrav\u00e9s do Protocolo Eletr\u00f4nico ou do e-mail plid@mppb.mp.br), prefeituras, institutos de medicina legal, os servi\u00e7os de den\u00fancias sobre viola\u00e7\u00e3o dos direitos humanos (100 e 123).<\/p>\n\n\n\n<p>O MPPB, em parceria com a Universidade Federal da Para\u00edba e o Comit\u00ea Estadual de Enfrentamento ao Tr\u00e1fico e Desaparecimento de Pessoas na Para\u00edba, est\u00e1 realizando\u00a0nas redes sociais do \u00f3rg\u00e3o\u00a0uma campanha contra o tr\u00e1fico de pessoas com v\u00eddeos explicativos sobre o tema.<\/p>\n\n\n\n<p>COM G1 PB<\/p>\n","protected":false},"excerpt":{"rendered":"<p>O Minist\u00e9rio P\u00fablico da Para\u00edba (MPPB) lan\u00e7ou nesta quarta-feira (29),\u00a0uma cartilha sobre \u201cPreven\u00e7\u00e3o e enfrentamento ao desaparecimento\u201d. De acordo com o Anu\u00e1rio Brasileiro de Seguran\u00e7a&hellip; <\/p>\n","protected":false},"author":1,"featured_media":181361,"comment_status":"closed","ping_status":"closed","sticky":false,"template":"","format":"standard","meta":{"sfsi_plus_gutenberg_text_before_share":"","sfsi_plus_gutenberg_show_text_before_share":"","sfsi_plus_gutenberg_icon_type":"","sfsi_plus_gutenberg_icon_alignemt":"","sfsi_plus_gutenburg_max_per_row":"","footnotes":""},"categories":[50],"tags":[],"class_list":["post-181355","post","type-post","status-publish","format-standard","has-post-thumbnail","hentry","category-destaque"],"_links":{"self":[{"href":"https:\/\/www.caririemacao.com\/1\/wp-json\/wp\/v2\/posts\/181355","targetHints":{"allow":["GET"]}}],"collection":[{"href":"https:\/\/www.caririemacao.com\/1\/wp-json\/wp\/v2\/posts"}],"about":[{"href":"https:\/\/www.caririemacao.com\/1\/wp-json\/wp\/v2\/types\/post"}],"author":[{"embeddable":true,"href":"https:\/\/www.caririemacao.com\/1\/wp-json\/wp\/v2\/users\/1"}],"replies":[{"embeddable":true,"href":"https:\/\/www.caririemacao.com\/1\/wp-json\/wp\/v2\/comments?post=181355"}],"version-history":[{"count":1,"href":"https:\/\/www.caririemacao.com\/1\/wp-json\/wp\/v2\/posts\/181355\/revisions"}],"predecessor-version":[{"id":181362,"href":"https:\/\/www.caririemacao.com\/1\/wp-json\/wp\/v2\/posts\/181355\/revisions\/181362"}],"wp:featuredmedia":[{"embeddable":true,"href":"https:\/\/www.caririemacao.com\/1\/wp-json\/wp\/v2\/media\/181361"}],"wp:attachment":[{"href":"https:\/\/www.caririemacao.com\/1\/wp-json\/wp\/v2\/media?parent=181355"}],"wp:term":[{"taxonomy":"category","embeddable":true,"href":"https:\/\/www.caririemacao.com\/1\/wp-json\/wp\/v2\/categories?post=181355"},{"taxonomy":"post_tag","embeddable":true,"href":"https:\/\/www.caririemacao.com\/1\/wp-json\/wp\/v2\/tags?post=181355"}],"curies":[{"name":"wp","href":"https:\/\/api.w.org\/{rel}","templated":true}]}}