{"id":181366,"date":"2020-07-30T11:41:42","date_gmt":"2020-07-30T14:41:42","guid":{"rendered":"https:\/\/www.caririemacao.com\/1\/?p=181366"},"modified":"2020-07-30T11:41:42","modified_gmt":"2020-07-30T14:41:42","slug":"governo-cria-centro-de-referencia-do-artesanato-e-fortalece-renda-renascenca-no-cariri","status":"publish","type":"post","link":"https:\/\/www.caririemacao.com\/1\/2020\/07\/30\/governo-cria-centro-de-referencia-do-artesanato-e-fortalece-renda-renascenca-no-cariri\/","title":{"rendered":"Governo cria Centro de Refer\u00eancia do Artesanato e fortalece renda renascen\u00e7a no Cariri"},"content":{"rendered":"\n<p>Com as obras em est\u00e1gio avan\u00e7ado, o Centro de Refer\u00eancia do Artesanato de Monteiro dever\u00e1 ser entregue em breve \u00e0s rendeiras do Cariri paraibano. O espa\u00e7o, uma das a\u00e7\u00f5es do Governo do Estado na valoriza\u00e7\u00e3o da renda renascen\u00e7a, representa a concretiza\u00e7\u00e3o de um sonho para mais de 4 mil profissionais da regi\u00e3o.\u00a0<\/p>\n\n\n\n<p>O Centro de Refer\u00eancia do Artesanato, que funcionar\u00e1 em um pr\u00e9dio hist\u00f3rico no Centro de Monteiro, j\u00e1 est\u00e1 sendo totalmente reformado e ambientado, numa parceria entre o Governo do Estado, por meio do Projeto de Desenvolvimento Sustent\u00e1vel do Cariri, Serid\u00f3 e Curimata\u00fa (Procase), a Prefeitura do munic\u00edpio e o Sebrae, oferecendo melhores condi\u00e7\u00f5es de venda e colocando a riqueza cultural da renda renascen\u00e7a em contato direto com os turistas.&nbsp;<\/p>\n\n\n\n<p>Para a presidente de Honra do Programa do Artesanato da Para\u00edba, Ana Maria Lins, o Centro de Refer\u00eancia do Artesanato trar\u00e1 mais dignidade \u00e0s rendeiras. &#8220;Essas a\u00e7\u00f5es do Governo do Estado s\u00e3o uma alternativa real para aumentar a comercializa\u00e7\u00e3o da renda renascen\u00e7a, fortalecendo o est\u00edmulo \u00e0 sua confec\u00e7\u00e3o e, assim, a cultura paraibana&#8221;, disse.&nbsp;<\/p>\n\n\n\n<p>A gestora do Programa do Artesanato da Para\u00edba (PAP), Marielza Rodriguez, destacou a import\u00e2ncia do Centro de Refer\u00eancia do Artesanato para a regi\u00e3o.&nbsp;&nbsp;&#8220;Esse projeto \u00e9 o maior exemplo de resultado do planejamento compartilhado entre institui\u00e7\u00f5es parceiras. A prova de que juntos podemos mais. Vamos deixar esse legado para as gera\u00e7\u00f5es futuras&#8221;, acrescentou.&nbsp;<\/p>\n\n\n\n<p>A prefeita de Monteiro, Anna Lorena Farias, tamb\u00e9m destacou a import\u00e2ncia do espa\u00e7o para a regi\u00e3o. &#8220;O incentivo ao artesanato fomenta a economia do munic\u00edpio. Esperamos que este Centro seja refer\u00eancia para todo o Cariri paraibano&#8221;, comentou.<\/p>\n\n\n\n<p>Por sua vez, a gerente regional do Sebrae em Monteiro, Madalena Arruda, afirmou que o Centro de Refer\u00eancia do Artesanato ser\u00e1 o espa\u00e7o de preserva\u00e7\u00e3o da renda renascen\u00e7a. &#8220;O Centro ser\u00e1 mais que um lugar de comercializa\u00e7\u00e3o. Ser\u00e1 um lugar que vai preservar, refletir e estimular para as novas gera\u00e7\u00f5es a hist\u00f3ria e a cultura da renda renascen\u00e7a no Cariri paraibano&#8221;, afirmou.&nbsp;<\/p>\n\n\n\n<p><strong>A concep\u00e7\u00e3o do projeto<\/strong>&nbsp;&#8211; Com s\u00e9culos de exist\u00eancia, a tradi\u00e7\u00e3o da renda renascen\u00e7a estava amea\u00e7ada no Cariri paraibano. Faltavam est\u00edmulos, como cursos de qualifica\u00e7\u00e3o, chamando a aten\u00e7\u00e3o para a import\u00e2ncia da tipologia como patrim\u00f4nio cultural e gera\u00e7\u00e3o de renda, e pol\u00edticas p\u00fablicas que oferecessem melhores condi\u00e7\u00f5es de comercializa\u00e7\u00e3o da tipologia.&nbsp;<\/p>\n\n\n\n<p>A chegada do Centro de Refer\u00eancia do Artesanato, ao lado de uma s\u00e9rie de a\u00e7\u00f5es adotadas pelo Governo do Estado, concretiza um dos maiores anseios das rendeiras: ter o seu pr\u00f3prio espa\u00e7o.&nbsp;<\/p>\n\n\n\n<p>Ao todo, s\u00e3o 190 m\u00b2&nbsp;distribu\u00eddos entre atividades de exposi\u00e7\u00e3o (com\u00e9rcio), no t\u00e9rreo, e treinamento, no pavimento superior. &#8220;O projeto foi concebido para atender \u00e0s demandas de comercializa\u00e7\u00e3o, treinamento e apoio aos artes\u00e3os. Para isso foi proposta a restaura\u00e7\u00e3o de um edif\u00edcio hist\u00f3rico, constru\u00eddo na d\u00e9cada de 20, um marco visual da cidade&#8221;, explicou o arquiteto Giuseppe Branquinho, que assina o projeto ao lado da tamb\u00e9m arquiteta Renata Caiaffo.&nbsp;<\/p>\n\n\n\n<p>Com investimentos da ordem de R$ 480 mil, o Centro de Refer\u00eancia do Artesanato contemplar\u00e1 mais de 4 mil artes\u00e3os que trabalham com a renda renascen\u00e7a, a maior parte formada por mulheres.&nbsp;<\/p>\n\n\n\n<p>A artes\u00e3 Maria Regina Gomes, mestra em renda renascen\u00e7a de S\u00e3o Sebasti\u00e3o de Umbuzeiro, est\u00e1 entre os artes\u00e3os beneficiados pelo projeto. &#8220;A renda renascen\u00e7a estava tendo pouca visibilidade, e esse Centro vai valorizar ainda mais o nosso trabalho. Estou muito feliz&#8221;, disse, destacando tamb\u00e9m a parceria entre o Governo do Estado e as associa\u00e7\u00f5es de renda renascen\u00e7a na constru\u00e7\u00e3o do Centro de Refer\u00eancia do Artesanato.<\/p>\n\n\n\n<p>Presente nos munic\u00edpios de Camala\u00fa, S\u00e3o Jo\u00e3o do Tigre, S\u00e3o Sebasti\u00e3o de Umbuzeiro, Monteiro e Zabel\u00ea, a renda renascen\u00e7a conta com o envolvimento de mais de 4 mil artes\u00e3os, a maior parte formada por mulheres.<\/p>\n","protected":false},"excerpt":{"rendered":"<p>Com as obras em est\u00e1gio avan\u00e7ado, o Centro de Refer\u00eancia do Artesanato de Monteiro dever\u00e1 ser entregue em breve \u00e0s rendeiras do Cariri paraibano. O&hellip; <\/p>\n","protected":false},"author":1,"featured_media":181369,"comment_status":"closed","ping_status":"closed","sticky":false,"template":"","format":"standard","meta":{"sfsi_plus_gutenberg_text_before_share":"","sfsi_plus_gutenberg_show_text_before_share":"","sfsi_plus_gutenberg_icon_type":"","sfsi_plus_gutenberg_icon_alignemt":"","sfsi_plus_gutenburg_max_per_row":"","footnotes":""},"categories":[50],"tags":[],"class_list":["post-181366","post","type-post","status-publish","format-standard","has-post-thumbnail","hentry","category-destaque"],"_links":{"self":[{"href":"https:\/\/www.caririemacao.com\/1\/wp-json\/wp\/v2\/posts\/181366","targetHints":{"allow":["GET"]}}],"collection":[{"href":"https:\/\/www.caririemacao.com\/1\/wp-json\/wp\/v2\/posts"}],"about":[{"href":"https:\/\/www.caririemacao.com\/1\/wp-json\/wp\/v2\/types\/post"}],"author":[{"embeddable":true,"href":"https:\/\/www.caririemacao.com\/1\/wp-json\/wp\/v2\/users\/1"}],"replies":[{"embeddable":true,"href":"https:\/\/www.caririemacao.com\/1\/wp-json\/wp\/v2\/comments?post=181366"}],"version-history":[{"count":1,"href":"https:\/\/www.caririemacao.com\/1\/wp-json\/wp\/v2\/posts\/181366\/revisions"}],"predecessor-version":[{"id":181370,"href":"https:\/\/www.caririemacao.com\/1\/wp-json\/wp\/v2\/posts\/181366\/revisions\/181370"}],"wp:featuredmedia":[{"embeddable":true,"href":"https:\/\/www.caririemacao.com\/1\/wp-json\/wp\/v2\/media\/181369"}],"wp:attachment":[{"href":"https:\/\/www.caririemacao.com\/1\/wp-json\/wp\/v2\/media?parent=181366"}],"wp:term":[{"taxonomy":"category","embeddable":true,"href":"https:\/\/www.caririemacao.com\/1\/wp-json\/wp\/v2\/categories?post=181366"},{"taxonomy":"post_tag","embeddable":true,"href":"https:\/\/www.caririemacao.com\/1\/wp-json\/wp\/v2\/tags?post=181366"}],"curies":[{"name":"wp","href":"https:\/\/api.w.org\/{rel}","templated":true}]}}