{"id":181444,"date":"2020-07-30T16:23:42","date_gmt":"2020-07-30T19:23:42","guid":{"rendered":"https:\/\/www.caririemacao.com\/1\/?p=181444"},"modified":"2020-07-30T16:23:42","modified_gmt":"2020-07-30T19:23:42","slug":"bolsonaro-tira-mascara-monta-em-cavalo-e-gera-aglomeracao-no-piaui","status":"publish","type":"post","link":"https:\/\/www.caririemacao.com\/1\/2020\/07\/30\/bolsonaro-tira-mascara-monta-em-cavalo-e-gera-aglomeracao-no-piaui\/","title":{"rendered":"Bolsonaro tira m\u00e1scara, monta em cavalo e gera aglomera\u00e7\u00e3o no Piau\u00ed"},"content":{"rendered":"\n<p class=\"wp-block-paragraph\">Em seu primeiro evento p\u00fablico\u00a0ap\u00f3s se recuperar da Covid-19, o presidente Jair Bolsonaro chegou ao aeroporto de S\u00e3o Raimundo Nonato, a 523 km de Teresina, na manh\u00e3 desta quinta-feira (30). Ele foi ao local para\u00a0participar de cerim\u00f4nia em cidade pr\u00f3xima na Bahia, ainda nesta manh\u00e3, e depois voltar ao Piau\u00ed para visitar ao Parque Nacional da Serra da Capivara.<\/p>\n\n\n\n<p class=\"wp-block-paragraph\">Ap\u00f3s descer do avi\u00e3o presidencial, ainda na \u00e1rea externa do terminal, Bolsonaro montou em um cavalo em meio a uma aglomera\u00e7\u00e3o de apoiadores e tirou a m\u00e1scara que usava no rosto.<\/p>\n\n\n\n<p class=\"wp-block-paragraph\">Ainda montado no cavalo, Bolsonaro tirou o chap\u00e9u e agradeceu a presen\u00e7a das pessoas. Em seguida, tocou na m\u00e3o de apoiadores. Ele pegou, ainda, um microfone que foi estendido a ele e falou com a multid\u00e3o.<\/p>\n\n\n\n<p class=\"wp-block-paragraph\">Presidente Jair Bolsonaro tira m\u00e1scara em visita ao Piau\u00ed \u2014 Foto: Neyara Pinheiro\/ TV Clube<\/p>\n\n\n\n<p class=\"wp-block-paragraph\">Conforme decreto do governo do estado do Piau\u00ed,\u00a0v\u00e1lido desde 13 de julho, \u00e9 obrigat\u00f3rio o uso de m\u00e1scaras em todo o territ\u00f3rio piauiense. A desobedi\u00eancia est\u00e1 sujeita a multa que varia de R$ 500 a R$ 1 mil \u2013 em caso de reincid\u00eancia &#8211; para pessoa f\u00edsica.<\/p>\n\n\n\n<figure class=\"wp-block-image\"><img decoding=\"async\" src=\"https:\/\/s02.video.glbimg.com\/x240\/8738821.jpg\" alt=\"Bolsonaro inaugura obra e provoca aglomera\u00e7\u00e3o no Piau\u00ed e na Bahia\" title=\"Bolsonaro inaugura obra e provoca aglomera\u00e7\u00e3o no Piau\u00ed e na Bahia\"\/><\/figure>\n\n\n\n<p class=\"wp-block-paragraph\">Bolsonaro inaugura obra e provoca aglomera\u00e7\u00e3o no Piau\u00ed e na Bahia<\/p>\n\n\n\n<h2 class=\"wp-block-heading\">Agenda do presidente<\/h2>\n\n\n\n<p class=\"wp-block-paragraph\">Bolsonaro saiu de Bras\u00edlia (DF) no in\u00edcio da manh\u00e3 para S\u00e3o Raimundo Nonato. Ele partiu em seguida para Campo Alegre de Lourdes, cidade baiana pr\u00f3xima \u00e0 divisa com o Piau\u00ed, onde participou de cerim\u00f4nia\u00a0para inaugurar o sistema integrado de abastecimento de \u00e1gua. Depois, voltou ao Piau\u00ed para fazer visita ao Parque Nacional da Serra da Capivara, em S\u00e3o Raimundo Nonato.<\/p>\n\n\n\n<figure class=\"wp-block-image\"><img decoding=\"async\" src=\"https:\/\/s2.glbimg.com\/vdE5r-GVkGtGM_clRDATmeMwuMM=\/0x0:1060x594\/984x0\/smart\/filters:strip_icc()\/i.s3.glbimg.com\/v1\/AUTH_59edd422c0c84a879bd37670ae4f538a\/internal_photos\/bs\/2020\/r\/m\/54DmdgTa6GpHDiNNIFuQ\/captura-de-tela-2020-07-30-as-10.55.32.jpg\" alt=\" Em 1\u00ba evento p\u00fablico ap\u00f3s Covid-19, Bolsonaro chega sobe em cavalo em meio a aglomera\u00e7\u00e3o sem usar m\u00e1scara \u2014 Foto: Neyara Pinheiro\/TV Clube\"\/><\/figure>\n\n\n\n<p class=\"wp-block-paragraph\">Em 1\u00ba evento p\u00fablico ap\u00f3s Covid-19, Bolsonaro chega sobe em cavalo em meio a aglomera\u00e7\u00e3o sem usar m\u00e1scara \u2014 Foto: Neyara Pinheiro\/TV Clube<\/p>\n\n\n\n<h2 class=\"wp-block-heading\">Primeiro evento p\u00fablico ap\u00f3s se recuperar da Covid-19<\/h2>\n\n\n\n<p class=\"wp-block-paragraph\">Este \u00e9 o primeiro dia de eventos p\u00fablicos com a participa\u00e7\u00e3o do\u00a0presidente desde 7 de julho, depois de se recuperar da Covid-19.\u00a0No dia 22, um teste indicou que o\u00a0presidente ainda estava com coronav\u00edrus.<\/p>\n\n\n\n<p class=\"wp-block-paragraph\">Em 23 de julho, Bolsonaro\u00a0passeou de moto e, sem m\u00e1scara, conversou com garis\u00a0que faziam a limpeza da \u00e1rea externa do Pal\u00e1cio do Alvorada. No \u00faltimo dia 25, o presidente informou que um novo teste para Covid-19\u00a0tinha dado negativo.<\/p>\n\n\n\n<figure class=\"wp-block-image\"><img decoding=\"async\" src=\"https:\/\/s2.glbimg.com\/iNPt-REwV5Fs9yQRKVzMUdPVgX4=\/0x0:1280x960\/984x0\/smart\/filters:strip_icc()\/i.s3.glbimg.com\/v1\/AUTH_59edd422c0c84a879bd37670ae4f538a\/internal_photos\/bs\/2020\/d\/B\/nS35CRT2enJwlcHxxAVA\/whatsapp-image-2020-07-30-at-10.54.30-1-.jpeg\" alt=\"Bolsonaro chega a Campo Alegre de Lourdes \u2014 Foto: Joyce Guirra\/TV S\u00e3o Francisco\"\/><\/figure>\n\n\n\n<p class=\"wp-block-paragraph\">Bolsonaro chega a Campo Alegre de Lourdes \u2014 Foto: Joyce Guirra\/TV S\u00e3o Francisco<\/p>\n\n\n\n<p class=\"wp-block-paragraph\">Em Campo Alegre de Lourdes, o governo federal inaugurou o sistema de abastecimento de \u00e1gua e estima que 40 mil pessoas ser\u00e3o beneficiadas com a obra. A cidade fica na regi\u00e3o que integra o &#8220;pol\u00edgono da seca&#8221;, que abrange todos os estados do Nordeste, exceto o Maranh\u00e3o, al\u00e9m de incluir Minas Gerais.<\/p>\n\n\n\n<p class=\"wp-block-paragraph\">COM G1<\/p>\n","protected":false},"excerpt":{"rendered":"<p>Em seu primeiro evento p\u00fablico\u00a0ap\u00f3s se recuperar da Covid-19, o presidente Jair Bolsonaro chegou ao aeroporto de S\u00e3o Raimundo Nonato, a 523 km de Teresina, na manh\u00e3 desta quinta-feira (30). Ele foi ao local para\u00a0participar de cerim\u00f4nia em cidade pr\u00f3xima na Bahia, ainda nesta manh\u00e3, e depois voltar ao Piau\u00ed para visitar ao Parque Nacional da Serra da Capivara. Ap\u00f3s descer do avi\u00e3o presidencial, ainda na \u00e1rea externa do terminal, Bolsonaro montou em um cavalo em meio a uma aglomera\u00e7\u00e3o de apoiadores e tirou a m\u00e1scara que usava no rosto. Ainda montado no cavalo, Bolsonaro tirou o chap\u00e9u e agradeceu a presen\u00e7a das pessoas. Em seguida, tocou na m\u00e3o de apoiadores. Ele pegou, ainda, um microfone que foi estendido a ele e falou com a multid\u00e3o. Presidente Jair Bolsonaro tira m\u00e1scara em visita ao Piau\u00ed \u2014 Foto: Neyara Pinheiro\/ TV Clube Conforme decreto do governo do estado do Piau\u00ed,\u00a0v\u00e1lido desde 13 de julho, \u00e9 obrigat\u00f3rio o uso de m\u00e1scaras em todo o territ\u00f3rio piauiense. A desobedi\u00eancia est\u00e1 sujeita a multa que varia de R$ 500 a R$ 1 mil \u2013 em caso de reincid\u00eancia &#8211; para pessoa f\u00edsica. Bolsonaro inaugura obra e provoca aglomera\u00e7\u00e3o no Piau\u00ed e na Bahia Agenda do presidente Bolsonaro saiu de Bras\u00edlia (DF) no in\u00edcio da manh\u00e3 para S\u00e3o Raimundo Nonato. Ele partiu em seguida para Campo Alegre de Lourdes, cidade baiana pr\u00f3xima \u00e0 divisa com o Piau\u00ed, onde participou de cerim\u00f4nia\u00a0para inaugurar o sistema integrado de abastecimento de \u00e1gua. Depois, voltou ao Piau\u00ed para fazer visita ao Parque Nacional da Serra da Capivara, em S\u00e3o Raimundo Nonato. Em 1\u00ba evento p\u00fablico ap\u00f3s Covid-19, Bolsonaro chega sobe em cavalo em meio a aglomera\u00e7\u00e3o sem usar m\u00e1scara \u2014 Foto: Neyara Pinheiro\/TV Clube Primeiro evento p\u00fablico ap\u00f3s se recuperar da Covid-19 Este \u00e9 o primeiro dia de eventos p\u00fablicos com a participa\u00e7\u00e3o do\u00a0presidente desde 7 de julho, depois de se recuperar da Covid-19.\u00a0No dia 22, um teste indicou que o\u00a0presidente ainda estava com coronav\u00edrus. Em 23 de julho, Bolsonaro\u00a0passeou de moto e, sem m\u00e1scara, conversou com garis\u00a0que faziam a limpeza da \u00e1rea externa do Pal\u00e1cio do Alvorada. No \u00faltimo dia 25, o presidente informou que um novo teste para Covid-19\u00a0tinha dado negativo. Bolsonaro chega a Campo Alegre de Lourdes \u2014 Foto: Joyce Guirra\/TV S\u00e3o Francisco Em Campo Alegre de Lourdes, o governo federal inaugurou o sistema de abastecimento de \u00e1gua e estima que 40 mil pessoas ser\u00e3o beneficiadas com a obra. A cidade fica na regi\u00e3o que integra o &#8220;pol\u00edgono da seca&#8221;, que abrange todos os estados do Nordeste, exceto o Maranh\u00e3o, al\u00e9m de incluir Minas Gerais. COM G1<\/p>\n","protected":false},"author":1,"featured_media":181448,"comment_status":"closed","ping_status":"closed","sticky":false,"template":"","format":"standard","meta":{"sfsi_plus_gutenberg_text_before_share":"","sfsi_plus_gutenberg_show_text_before_share":"","sfsi_plus_gutenberg_icon_type":"","sfsi_plus_gutenberg_icon_alignemt":"","sfsi_plus_gutenburg_max_per_row":"","footnotes":""},"categories":[50,98],"tags":[],"class_list":["post-181444","post","type-post","status-publish","format-standard","has-post-thumbnail","hentry","category-destaque","category-presidente"],"_links":{"self":[{"href":"https:\/\/www.caririemacao.com\/1\/wp-json\/wp\/v2\/posts\/181444","targetHints":{"allow":["GET"]}}],"collection":[{"href":"https:\/\/www.caririemacao.com\/1\/wp-json\/wp\/v2\/posts"}],"about":[{"href":"https:\/\/www.caririemacao.com\/1\/wp-json\/wp\/v2\/types\/post"}],"author":[{"embeddable":true,"href":"https:\/\/www.caririemacao.com\/1\/wp-json\/wp\/v2\/users\/1"}],"replies":[{"embeddable":true,"href":"https:\/\/www.caririemacao.com\/1\/wp-json\/wp\/v2\/comments?post=181444"}],"version-history":[{"count":1,"href":"https:\/\/www.caririemacao.com\/1\/wp-json\/wp\/v2\/posts\/181444\/revisions"}],"predecessor-version":[{"id":181449,"href":"https:\/\/www.caririemacao.com\/1\/wp-json\/wp\/v2\/posts\/181444\/revisions\/181449"}],"wp:featuredmedia":[{"embeddable":true,"href":"https:\/\/www.caririemacao.com\/1\/wp-json\/wp\/v2\/media\/181448"}],"wp:attachment":[{"href":"https:\/\/www.caririemacao.com\/1\/wp-json\/wp\/v2\/media?parent=181444"}],"wp:term":[{"taxonomy":"category","embeddable":true,"href":"https:\/\/www.caririemacao.com\/1\/wp-json\/wp\/v2\/categories?post=181444"},{"taxonomy":"post_tag","embeddable":true,"href":"https:\/\/www.caririemacao.com\/1\/wp-json\/wp\/v2\/tags?post=181444"}],"curies":[{"name":"wp","href":"https:\/\/api.w.org\/{rel}","templated":true}]}}