{"id":181553,"date":"2020-07-31T16:10:18","date_gmt":"2020-07-31T19:10:18","guid":{"rendered":"https:\/\/www.caririemacao.com\/1\/?p=181553"},"modified":"2020-07-31T16:10:18","modified_gmt":"2020-07-31T19:10:18","slug":"bolsonaro-tira-a-mascara-e-acena-para-apoiadores-em-aglomeracao-em-bage","status":"publish","type":"post","link":"https:\/\/www.caririemacao.com\/1\/2020\/07\/31\/bolsonaro-tira-a-mascara-e-acena-para-apoiadores-em-aglomeracao-em-bage\/","title":{"rendered":"Bolsonaro tira a m\u00e1scara e acena para apoiadores em aglomera\u00e7\u00e3o em Bag\u00e9"},"content":{"rendered":"\n<p class=\"wp-block-paragraph\">O presidente da Rep\u00fablica, Jair Bolsonaro, chegou em\u00a0Bag\u00e9, na Regi\u00e3o da Fronteira do Rio Grande do Sul,nesta sexta-feira (31), para participar do\u00a0lan\u00e7amento de um condom\u00ednio popular\u00a0constru\u00eddo com recursos federais. O presidente chegou ao local por volta das 15h15.<\/p>\n\n\n\n<p class=\"wp-block-paragraph\">&#8220;Eu j\u00e1 estou imunizado, se algu\u00e9m quiser apertar a minha m\u00e3o&#8221;, disse Bolsonaro.<\/p>\n\n\n\n<figure class=\"wp-block-image\"><img decoding=\"async\" src=\"https:\/\/s2.glbimg.com\/TpFqLWJiZAwNtD1kypQcWQB_x0w=\/0x0:1920x1080\/984x0\/smart\/filters:strip_icc()\/i.s3.glbimg.com\/v1\/AUTH_59edd422c0c84a879bd37670ae4f538a\/internal_photos\/bs\/2020\/Z\/0\/QNOOEpTBqmvngWXeHCFQ\/bolsonaro3.png\" alt=\"Bolsonaro em visita a Bage. \u2014 Foto: Reprodu\u00e7\u00e3o\/RBS TV\"\/><\/figure>\n\n\n\n<p class=\"wp-block-paragraph\">Bolsonaro em visita a Bage. \u2014 Foto: Reprodu\u00e7\u00e3o\/RBS TV<\/p>\n\n\n\n<h2 class=\"wp-block-heading\">Visita a Bage<\/h2>\n\n\n\n<p class=\"wp-block-paragraph\">O presidente desembarcou em Porto Alegre, em um avi\u00e3o presidencial, e pegou outra aeronave para se deslocar at\u00e9 a cidade. Jair Bolsonaro\u00a0desceu do avi\u00e3o usando m\u00e1scara, mostrou uma caixa do rem\u00e9dio cloroquina para as pessoas que o aguardavam, e as cumprimentou apertando a m\u00e3o. O medicamento, associado pelo presidente \u00e0\u00a0Covid-19, n\u00e3o tem efic\u00e1cia comprovada contra a doen\u00e7a, segundo\u00a0diversos estudos cient\u00edficos.<\/p>\n\n\n\n<figure class=\"wp-block-image\"><img decoding=\"async\" src=\"https:\/\/s03.video.glbimg.com\/x240\/8741438.jpg\" alt=\"Chegada de Bolsonaro provoca aglomera\u00e7\u00e3o em Bag\u00e9\" title=\"Chegada de Bolsonaro provoca aglomera\u00e7\u00e3o em Bag\u00e9\"\/><\/figure>\n\n\n\n<p class=\"wp-block-paragraph\">Chegada de Bolsonaro provoca aglomera\u00e7\u00e3o em Bag\u00e9<\/p>\n\n\n\n<p class=\"wp-block-paragraph\">Bolsonaro saiu de Bras\u00edlia em um avi\u00e3o com outros pol\u00edticos. Entre eles estavam o\u00a0prefeito de Bag\u00e9, Divaldo Lara (PTB); e os deputados federais Mauricio Dziedricki (PTB), Ubiratan Sanderson (PSL), Daniel Trzeciak (PSDB) e Bibo Nunes (PSL). Nas redes sociais, o grupo publicou fotos dentro do avi\u00e3o em que aparecem uns pr\u00f3ximos dos outros e muitos n\u00e3o usavam m\u00e1scaras.<\/p>\n\n\n\n<p class=\"wp-block-paragraph\">Por volta das 12h45, Bolsonaro visitou a escola c\u00edvico militar S\u00e3o Pedro, a primeira do Brasil a aderir ao programa. Participaram da solenidade, al\u00e9m do prefeito da cidade, o vice-governador do Rio Grande do Sul, Ranolfo Vieira J\u00fanior.<\/p>\n\n\n\n<p class=\"wp-block-paragraph\">Depois, o presidente visitou o 3\u00ba Regimento de Cavalaria Mecanizado, \u00e0s 13h, o evento foi fechado para convidados e n\u00e3o teve a participa\u00e7\u00e3o da imprensa.<\/p>\n\n\n\n<p class=\"wp-block-paragraph\">Segundo um decreto publicado pela Prefeitura de Bag\u00e9, pessoas que n\u00e3o usarem m\u00e1scara na cidade podem ser punidas com uma multa de R$ 972,30. Conforme o munic\u00edpio, para aglomera\u00e7\u00e3o em lugares abertos, n\u00e3o h\u00e1 multa, apenas pedido de dispers\u00e3o.<\/p>\n\n\n\n<figure class=\"wp-block-image\"><img decoding=\"async\" src=\"https:\/\/s2.glbimg.com\/UZtzp97v2mVx3CBhC9jAMuLHV4k=\/0x0:1920x1080\/984x0\/smart\/filters:strip_icc()\/i.s3.glbimg.com\/v1\/AUTH_59edd422c0c84a879bd37670ae4f538a\/internal_photos\/bs\/2020\/B\/P\/XzR5BRRyAug2GYqoVNAA\/bolsonaro.png\" alt=\"Bolsonaro participa de solenidade em escola c\u00edvico militar em Bag\u00e9 \u2014 Foto: Reprodu\u00e7\u00e3o\/TV Brasil\"\/><\/figure>\n\n\n\n<p class=\"wp-block-paragraph\">Bolsonaro participa de solenidade em escola c\u00edvico militar em Bag\u00e9 \u2014 Foto: Reprodu\u00e7\u00e3o\/TV Brasil<\/p>\n\n\n\n<figure class=\"wp-block-image\"><img decoding=\"async\" src=\"https:\/\/s2.glbimg.com\/hicCgmFcldI-TQI_wywGLBE6--E=\/0x0:750x558\/984x0\/smart\/filters:strip_icc()\/i.s3.glbimg.com\/v1\/AUTH_59edd422c0c84a879bd37670ae4f538a\/internal_photos\/bs\/2020\/D\/x\/jx8hPxTHA9iV2xz0u2JQ\/whatsapp-image-2020-07-31-at-10.56.29.jpeg\" alt=\"Bolsonaro com outros pol\u00edticos dentro do avi\u00e3o. Grupo est\u00e1 pr\u00f3ximo, e muitos n\u00e3o est\u00e3o de m\u00e1scara \u2014 Foto: Reprodu\u00e7\u00e3o\/@deputadosanderson\/Instagram\"\/><\/figure>\n\n\n\n<p class=\"wp-block-paragraph\">Bolsonaro com outros pol\u00edticos dentro do avi\u00e3o. Grupo est\u00e1 pr\u00f3ximo, e muitos n\u00e3o est\u00e3o de m\u00e1scara \u2014 Foto: Reprodu\u00e7\u00e3o\/@deputadosanderson\/Instagram<\/p>\n\n\n\n<h2 class=\"wp-block-heading\">Retorno da agenda p\u00fablica ap\u00f3s se recuperar da Covid-19<\/h2>\n\n\n\n<p class=\"wp-block-paragraph\">Este \u00e9 o segundo dia que Bolsonaro participa de eventos p\u00fablicos depois de se recuperar da Covid-19. Na quinta-feira (30), o presidente esteve no\u00a0Piau\u00ed\u00a0e na\u00a0Bahia.\u00a0Bolsonaro divulgou que\u00a0testou positivo para o novo coronav\u00edrus\u00a0no dia 7 de julho. No \u00faltimo s\u00e1bado (25), ele\u00a0anunciou que n\u00e3o estava mais com a doen\u00e7a, ap\u00f3s se submeter a um novo teste.<\/p>\n\n\n\n<p class=\"wp-block-paragraph\">No aeroporto de S\u00e3o Raimundo Nonato, no Piau\u00ed, o presidente\u00a0montou em um cavalo, em meio a uma aglomera\u00e7\u00e3o de apoiadores, e tirou a m\u00e1scara que usava no rosto, ap\u00f3s descer do avi\u00e3o presidencial, ainda na \u00e1rea externa do terminal.<\/p>\n\n\n\n<p class=\"wp-block-paragraph\">Ele tocou nas m\u00e3os das pessoas presentes, e ainda pegou em um microfone para falar com a multid\u00e3o. O uso de m\u00e1scaras \u00e9 obrigat\u00f3rio no estado do Piau\u00ed, por decreto estadual.<\/p>\n\n\n\n<figure class=\"wp-block-image\"><img decoding=\"async\" src=\"https:\/\/s04.video.glbimg.com\/x240\/8740807.jpg\" alt=\"Bolsonaro tem agenda nesta sexta (31) no RS, mesmo com infec\u00e7\u00e3o no pulm\u00e3o\" title=\"Bolsonaro tem agenda nesta sexta (31) no RS, mesmo com infec\u00e7\u00e3o no pulm\u00e3o\"\/><\/figure>\n\n\n\n<p class=\"wp-block-paragraph\">Bolsonaro tem agenda nesta sexta (31) no RS, mesmo com infec\u00e7\u00e3o no pulm\u00e3o<\/p>\n\n\n\n<h2 class=\"wp-block-heading\">1.164 moradias populares<\/h2>\n\n\n\n<figure class=\"wp-block-image\"><img decoding=\"async\" src=\"https:\/\/s2.glbimg.com\/4GEOYa5TKyU0CJWURd-TAlyJqvw=\/0x0:1920x1080\/984x0\/smart\/filters:strip_icc()\/i.s3.glbimg.com\/v1\/AUTH_59edd422c0c84a879bd37670ae4f538a\/internal_photos\/bs\/2020\/V\/B\/xB3pUxQOqqCmGJwS1TxA\/condominio-bage.png\" alt=\"Condom\u00ednio com 1.164 moradias populares foi constru\u00eddo pelo programa de habita\u00e7\u00e3o popular do governo federal. \u2014 Foto: Reprodu\u00e7\u00e3o\/RBS TV\"\/><\/figure>\n\n\n\n<p class=\"wp-block-paragraph\">Condom\u00ednio com 1.164 moradias populares foi constru\u00eddo pelo programa de habita\u00e7\u00e3o popular do governo federal. \u2014 Foto: Reprodu\u00e7\u00e3o\/RBS TV<\/p>\n\n\n\n<p class=\"wp-block-paragraph\">No evento do Rio Grande do Sul, Bolsonaro dever\u00e1 participar da entrega de 1.164 moradias, constru\u00eddas pelo programa de habita\u00e7\u00e3o popular do governo federal, com investimento de R$ R$ 87,3 milh\u00f5es.<\/p>\n\n\n\n<p class=\"wp-block-paragraph\">S\u00e3o quatro empreendimentos, todos destinados \u00e0 fam\u00edlias de baixa renda. Al\u00e9m de Bolsonaro, deve participar do lan\u00e7amento o ministro do Desenvolvimento Regional, Rog\u00e9rio Marinho.<\/p>\n\n\n\n<figure class=\"wp-block-image\"><img decoding=\"async\" src=\"https:\/\/s04.video.glbimg.com\/x240\/8741011.jpg\" alt=\"Presidente Jair Bolsonaro visita Bag\u00e9 para inaugurar moradias populares\" title=\"Presidente Jair Bolsonaro visita Bag\u00e9 para inaugurar moradias populares\"\/><\/figure>\n\n\n\n<p class=\"wp-block-paragraph\">Presidente Jair Bolsonaro visita Bag\u00e9 para inaugurar moradias populares<\/p>\n","protected":false},"excerpt":{"rendered":"<p>O presidente da Rep\u00fablica, Jair Bolsonaro, chegou em\u00a0Bag\u00e9, na Regi\u00e3o da Fronteira do Rio Grande do Sul,nesta sexta-feira (31), para participar do\u00a0lan\u00e7amento de um condom\u00ednio popular\u00a0constru\u00eddo com recursos federais. O presidente chegou ao local por volta das 15h15. &#8220;Eu j\u00e1 estou imunizado, se algu\u00e9m quiser apertar a minha m\u00e3o&#8221;, disse Bolsonaro. Bolsonaro em visita a Bage. \u2014 Foto: Reprodu\u00e7\u00e3o\/RBS TV Visita a Bage O presidente desembarcou em Porto Alegre, em um avi\u00e3o presidencial, e pegou outra aeronave para se deslocar at\u00e9 a cidade. Jair Bolsonaro\u00a0desceu do avi\u00e3o usando m\u00e1scara, mostrou uma caixa do rem\u00e9dio cloroquina para as pessoas que o aguardavam, e as cumprimentou apertando a m\u00e3o. O medicamento, associado pelo presidente \u00e0\u00a0Covid-19, n\u00e3o tem efic\u00e1cia comprovada contra a doen\u00e7a, segundo\u00a0diversos estudos cient\u00edficos. Chegada de Bolsonaro provoca aglomera\u00e7\u00e3o em Bag\u00e9 Bolsonaro saiu de Bras\u00edlia em um avi\u00e3o com outros pol\u00edticos. Entre eles estavam o\u00a0prefeito de Bag\u00e9, Divaldo Lara (PTB); e os deputados federais Mauricio Dziedricki (PTB), Ubiratan Sanderson (PSL), Daniel Trzeciak (PSDB) e Bibo Nunes (PSL). Nas redes sociais, o grupo publicou fotos dentro do avi\u00e3o em que aparecem uns pr\u00f3ximos dos outros e muitos n\u00e3o usavam m\u00e1scaras. Por volta das 12h45, Bolsonaro visitou a escola c\u00edvico militar S\u00e3o Pedro, a primeira do Brasil a aderir ao programa. Participaram da solenidade, al\u00e9m do prefeito da cidade, o vice-governador do Rio Grande do Sul, Ranolfo Vieira J\u00fanior. Depois, o presidente visitou o 3\u00ba Regimento de Cavalaria Mecanizado, \u00e0s 13h, o evento foi fechado para convidados e n\u00e3o teve a participa\u00e7\u00e3o da imprensa. Segundo um decreto publicado pela Prefeitura de Bag\u00e9, pessoas que n\u00e3o usarem m\u00e1scara na cidade podem ser punidas com uma multa de R$ 972,30. Conforme o munic\u00edpio, para aglomera\u00e7\u00e3o em lugares abertos, n\u00e3o h\u00e1 multa, apenas pedido de dispers\u00e3o. Bolsonaro participa de solenidade em escola c\u00edvico militar em Bag\u00e9 \u2014 Foto: Reprodu\u00e7\u00e3o\/TV Brasil Bolsonaro com outros pol\u00edticos dentro do avi\u00e3o. Grupo est\u00e1 pr\u00f3ximo, e muitos n\u00e3o est\u00e3o de m\u00e1scara \u2014 Foto: Reprodu\u00e7\u00e3o\/@deputadosanderson\/Instagram Retorno da agenda p\u00fablica ap\u00f3s se recuperar da Covid-19 Este \u00e9 o segundo dia que Bolsonaro participa de eventos p\u00fablicos depois de se recuperar da Covid-19. Na quinta-feira (30), o presidente esteve no\u00a0Piau\u00ed\u00a0e na\u00a0Bahia.\u00a0Bolsonaro divulgou que\u00a0testou positivo para o novo coronav\u00edrus\u00a0no dia 7 de julho. No \u00faltimo s\u00e1bado (25), ele\u00a0anunciou que n\u00e3o estava mais com a doen\u00e7a, ap\u00f3s se submeter a um novo teste. No aeroporto de S\u00e3o Raimundo Nonato, no Piau\u00ed, o presidente\u00a0montou em um cavalo, em meio a uma aglomera\u00e7\u00e3o de apoiadores, e tirou a m\u00e1scara que usava no rosto, ap\u00f3s descer do avi\u00e3o presidencial, ainda na \u00e1rea externa do terminal. Ele tocou nas m\u00e3os das pessoas presentes, e ainda pegou em um microfone para falar com a multid\u00e3o. O uso de m\u00e1scaras \u00e9 obrigat\u00f3rio no estado do Piau\u00ed, por decreto estadual. Bolsonaro tem agenda nesta sexta (31) no RS, mesmo com infec\u00e7\u00e3o no pulm\u00e3o 1.164 moradias populares Condom\u00ednio com 1.164 moradias populares foi constru\u00eddo pelo programa de habita\u00e7\u00e3o popular do governo federal. \u2014 Foto: Reprodu\u00e7\u00e3o\/RBS TV No evento do Rio Grande do Sul, Bolsonaro dever\u00e1 participar da entrega de 1.164 moradias, constru\u00eddas pelo programa de habita\u00e7\u00e3o popular do governo federal, com investimento de R$ R$ 87,3 milh\u00f5es. S\u00e3o quatro empreendimentos, todos destinados \u00e0 fam\u00edlias de baixa renda. Al\u00e9m de Bolsonaro, deve participar do lan\u00e7amento o ministro do Desenvolvimento Regional, Rog\u00e9rio Marinho. Presidente Jair Bolsonaro visita Bag\u00e9 para inaugurar moradias populares<\/p>\n","protected":false},"author":1,"featured_media":181557,"comment_status":"closed","ping_status":"closed","sticky":false,"template":"","format":"standard","meta":{"sfsi_plus_gutenberg_text_before_share":"","sfsi_plus_gutenberg_show_text_before_share":"","sfsi_plus_gutenberg_icon_type":"","sfsi_plus_gutenberg_icon_alignemt":"","sfsi_plus_gutenburg_max_per_row":"","footnotes":""},"categories":[50,98],"tags":[],"class_list":["post-181553","post","type-post","status-publish","format-standard","has-post-thumbnail","hentry","category-destaque","category-presidente"],"_links":{"self":[{"href":"https:\/\/www.caririemacao.com\/1\/wp-json\/wp\/v2\/posts\/181553","targetHints":{"allow":["GET"]}}],"collection":[{"href":"https:\/\/www.caririemacao.com\/1\/wp-json\/wp\/v2\/posts"}],"about":[{"href":"https:\/\/www.caririemacao.com\/1\/wp-json\/wp\/v2\/types\/post"}],"author":[{"embeddable":true,"href":"https:\/\/www.caririemacao.com\/1\/wp-json\/wp\/v2\/users\/1"}],"replies":[{"embeddable":true,"href":"https:\/\/www.caririemacao.com\/1\/wp-json\/wp\/v2\/comments?post=181553"}],"version-history":[{"count":1,"href":"https:\/\/www.caririemacao.com\/1\/wp-json\/wp\/v2\/posts\/181553\/revisions"}],"predecessor-version":[{"id":181558,"href":"https:\/\/www.caririemacao.com\/1\/wp-json\/wp\/v2\/posts\/181553\/revisions\/181558"}],"wp:featuredmedia":[{"embeddable":true,"href":"https:\/\/www.caririemacao.com\/1\/wp-json\/wp\/v2\/media\/181557"}],"wp:attachment":[{"href":"https:\/\/www.caririemacao.com\/1\/wp-json\/wp\/v2\/media?parent=181553"}],"wp:term":[{"taxonomy":"category","embeddable":true,"href":"https:\/\/www.caririemacao.com\/1\/wp-json\/wp\/v2\/categories?post=181553"},{"taxonomy":"post_tag","embeddable":true,"href":"https:\/\/www.caririemacao.com\/1\/wp-json\/wp\/v2\/tags?post=181553"}],"curies":[{"name":"wp","href":"https:\/\/api.w.org\/{rel}","templated":true}]}}