{"id":181647,"date":"2020-08-02T06:25:38","date_gmt":"2020-08-02T09:25:38","guid":{"rendered":"https:\/\/www.caririemacao.com\/1\/?p=181647"},"modified":"2020-08-02T06:25:38","modified_gmt":"2020-08-02T09:25:38","slug":"policia-militar-apreende-arma-em-sao-sebastiao-do-umbuzeiro","status":"publish","type":"post","link":"https:\/\/www.caririemacao.com\/1\/2020\/08\/02\/policia-militar-apreende-arma-em-sao-sebastiao-do-umbuzeiro\/","title":{"rendered":"Pol\u00edcia Militar apreende arma em S\u00e3o Sebasti\u00e3o do Umbuzeiro"},"content":{"rendered":"\n<p>Por volta das 08h30min do s\u00e1bado (01), a Pol\u00edcia Militar foi acionada, para atender uma ocorr\u00eancia no S\u00edtio M\u00e3o Beijada, munic\u00edpio de S\u00e3o Sebasti\u00e3o do Umbuzeiro, onde foi relatado que um homem espancou uma pessoa.<\/p>\n\n\n\n<p>A Pol\u00edcia foi ao local e constatou a veracidade do fato, onde a v\u00edtima, apresentava les\u00f5es na m\u00e3o esquerda e joelho esquerdo, provocadas pelo acusado. <\/p>\n\n\n\n<p>O filho do acusado disse que seu pai estava dentro da casa e descontrolado emocionalmente, onde o filho abriu a porta para os policiais. <\/p>\n\n\n\n<p>O acusado estava de posse de uma espingarda 28, recebeu voz de pris\u00e3o e foi conduzido para a Delegacia de Pol\u00edcia Civil de Monteiro. <\/p>\n\n\n\n<p>O SAMU compareceu ao local e prestou atendimento a v\u00edtima e ao acusado.<\/p>\n","protected":false},"excerpt":{"rendered":"<p>Por volta das 08h30min do s\u00e1bado (01), a Pol\u00edcia Militar foi acionada, para atender uma ocorr\u00eancia no S\u00edtio M\u00e3o Beijada, munic\u00edpio de S\u00e3o Sebasti\u00e3o do&hellip; <\/p>\n","protected":false},"author":2,"featured_media":169829,"comment_status":"closed","ping_status":"closed","sticky":false,"template":"","format":"standard","meta":{"sfsi_plus_gutenberg_text_before_share":"","sfsi_plus_gutenberg_show_text_before_share":"","sfsi_plus_gutenberg_icon_type":"","sfsi_plus_gutenberg_icon_alignemt":"","sfsi_plus_gutenburg_max_per_row":"","footnotes":""},"categories":[50,12],"tags":[],"class_list":["post-181647","post","type-post","status-publish","format-standard","has-post-thumbnail","hentry","category-destaque","category-policia"],"_links":{"self":[{"href":"https:\/\/www.caririemacao.com\/1\/wp-json\/wp\/v2\/posts\/181647","targetHints":{"allow":["GET"]}}],"collection":[{"href":"https:\/\/www.caririemacao.com\/1\/wp-json\/wp\/v2\/posts"}],"about":[{"href":"https:\/\/www.caririemacao.com\/1\/wp-json\/wp\/v2\/types\/post"}],"author":[{"embeddable":true,"href":"https:\/\/www.caririemacao.com\/1\/wp-json\/wp\/v2\/users\/2"}],"replies":[{"embeddable":true,"href":"https:\/\/www.caririemacao.com\/1\/wp-json\/wp\/v2\/comments?post=181647"}],"version-history":[{"count":1,"href":"https:\/\/www.caririemacao.com\/1\/wp-json\/wp\/v2\/posts\/181647\/revisions"}],"predecessor-version":[{"id":181648,"href":"https:\/\/www.caririemacao.com\/1\/wp-json\/wp\/v2\/posts\/181647\/revisions\/181648"}],"wp:featuredmedia":[{"embeddable":true,"href":"https:\/\/www.caririemacao.com\/1\/wp-json\/wp\/v2\/media\/169829"}],"wp:attachment":[{"href":"https:\/\/www.caririemacao.com\/1\/wp-json\/wp\/v2\/media?parent=181647"}],"wp:term":[{"taxonomy":"category","embeddable":true,"href":"https:\/\/www.caririemacao.com\/1\/wp-json\/wp\/v2\/categories?post=181647"},{"taxonomy":"post_tag","embeddable":true,"href":"https:\/\/www.caririemacao.com\/1\/wp-json\/wp\/v2\/tags?post=181647"}],"curies":[{"name":"wp","href":"https:\/\/api.w.org\/{rel}","templated":true}]}}