{"id":181652,"date":"2020-08-02T08:12:14","date_gmt":"2020-08-02T11:12:14","guid":{"rendered":"https:\/\/www.caririemacao.com\/1\/?p=181652"},"modified":"2020-08-02T08:12:14","modified_gmt":"2020-08-02T11:12:14","slug":"filho-de-bolsonaro-nega-ter-obtido-informacao-privilegiada-da-pf","status":"publish","type":"post","link":"https:\/\/www.caririemacao.com\/1\/2020\/08\/02\/filho-de-bolsonaro-nega-ter-obtido-informacao-privilegiada-da-pf\/","title":{"rendered":"Filho de Bolsonaro nega ter obtido informa\u00e7\u00e3o privilegiada da PF"},"content":{"rendered":"\n<p>O senador e filho mais velho do presidente Jair Bolsonaro, Fl\u00e1vio Bolsonaro (Republicanos-RJ), negou, em depoimento ao Minist\u00e9rio P\u00fablico Federal do Rio de Janeiro, dia 20 de julho \u00faltimo, o vazamento da Opera\u00e7\u00e3o Furna da On\u00e7a, da Pol\u00edcia Federal.<\/p>\n\n\n\n<p>O empres\u00e1rio Paulo Marinho, seu suplente no Senado, acusou Fl\u00e1vio de ter recebido previamente informa\u00e7\u00f5es de que a PF iria fazer a opera\u00e7\u00e3o, em dezembro de 2018.<\/p>\n\n\n\n<p>Segundo o empres\u00e1rio, o vazamento lhe foi informado por Victor Granado, amigo de Fl\u00e1vio.<\/p>\n\n\n\n<p>Para o senador, conforme reportagem veiculada na Rede Globo, o empres\u00e1rio \u201ccertamente ouviu uma coisa e entendeu errado\u201d.<\/p>\n\n\n\n<p>Paulo Marinho disse \u00e0 Globo que entendeu perfeitamente o que viu.<\/p>\n","protected":false},"excerpt":{"rendered":"<p>O senador e filho mais velho do presidente Jair Bolsonaro, Fl\u00e1vio Bolsonaro (Republicanos-RJ), negou, em depoimento ao Minist\u00e9rio P\u00fablico Federal do Rio de Janeiro, dia&hellip; <\/p>\n","protected":false},"author":2,"featured_media":175012,"comment_status":"closed","ping_status":"closed","sticky":false,"template":"","format":"standard","meta":{"sfsi_plus_gutenberg_text_before_share":"","sfsi_plus_gutenberg_show_text_before_share":"","sfsi_plus_gutenberg_icon_type":"","sfsi_plus_gutenberg_icon_alignemt":"","sfsi_plus_gutenburg_max_per_row":"","footnotes":""},"categories":[50,11],"tags":[],"class_list":["post-181652","post","type-post","status-publish","format-standard","has-post-thumbnail","hentry","category-destaque","category-politica"],"_links":{"self":[{"href":"https:\/\/www.caririemacao.com\/1\/wp-json\/wp\/v2\/posts\/181652","targetHints":{"allow":["GET"]}}],"collection":[{"href":"https:\/\/www.caririemacao.com\/1\/wp-json\/wp\/v2\/posts"}],"about":[{"href":"https:\/\/www.caririemacao.com\/1\/wp-json\/wp\/v2\/types\/post"}],"author":[{"embeddable":true,"href":"https:\/\/www.caririemacao.com\/1\/wp-json\/wp\/v2\/users\/2"}],"replies":[{"embeddable":true,"href":"https:\/\/www.caririemacao.com\/1\/wp-json\/wp\/v2\/comments?post=181652"}],"version-history":[{"count":1,"href":"https:\/\/www.caririemacao.com\/1\/wp-json\/wp\/v2\/posts\/181652\/revisions"}],"predecessor-version":[{"id":181653,"href":"https:\/\/www.caririemacao.com\/1\/wp-json\/wp\/v2\/posts\/181652\/revisions\/181653"}],"wp:featuredmedia":[{"embeddable":true,"href":"https:\/\/www.caririemacao.com\/1\/wp-json\/wp\/v2\/media\/175012"}],"wp:attachment":[{"href":"https:\/\/www.caririemacao.com\/1\/wp-json\/wp\/v2\/media?parent=181652"}],"wp:term":[{"taxonomy":"category","embeddable":true,"href":"https:\/\/www.caririemacao.com\/1\/wp-json\/wp\/v2\/categories?post=181652"},{"taxonomy":"post_tag","embeddable":true,"href":"https:\/\/www.caririemacao.com\/1\/wp-json\/wp\/v2\/tags?post=181652"}],"curies":[{"name":"wp","href":"https:\/\/api.w.org\/{rel}","templated":true}]}}