{"id":181659,"date":"2020-08-02T08:17:15","date_gmt":"2020-08-02T11:17:15","guid":{"rendered":"https:\/\/www.caririemacao.com\/1\/?p=181659"},"modified":"2020-08-02T08:17:15","modified_gmt":"2020-08-02T11:17:15","slug":"brasil-tem-mais-de-2-milhoes-de-pessoas-infectadas-por-covid-19","status":"publish","type":"post","link":"https:\/\/www.caririemacao.com\/1\/2020\/08\/02\/brasil-tem-mais-de-2-milhoes-de-pessoas-infectadas-por-covid-19\/","title":{"rendered":"Brasil tem mais de 2 milh\u00f5es de pessoas Infectadas por Covid-19"},"content":{"rendered":"\n<p>O Brasil registrou, desde o in\u00edcio da pandemia, &nbsp;2,70 milh\u00f5es de pessoas infectadas pelo covid-19, &nbsp;segundo balan\u00e7o divulgado neste s\u00e1bado (1\u00ba) pelo Minist\u00e9rio das Sa\u00fade.<\/p>\n\n\n\n<p>O n\u00famero \u00e9 45,4 mil maior do que o divulgado no levantamento anterior. O n\u00famero atualizado de recuperados est\u00e1 em 1,86 milh\u00e3o. H\u00e1 ainda 748,59 mil pacientes sendo acompanhados.<img decoding=\"async\" data-src=\"https:\/\/agenciabrasil.ebc.com.br\/ebc.png?id=1312768&amp;o=node\" src=\"data:image\/svg+xml;base64,PHN2ZyB3aWR0aD0iMSIgaGVpZ2h0PSIxIiB4bWxucz0iaHR0cDovL3d3dy53My5vcmcvMjAwMC9zdmciPjwvc3ZnPg==\" class=\"lazyload\"><img decoding=\"async\" data-src=\"https:\/\/agenciabrasil.ebc.com.br\/ebc.gif?id=1312768&amp;o=node\" src=\"data:image\/svg+xml;base64,PHN2ZyB3aWR0aD0iMSIgaGVpZ2h0PSIxIiB4bWxucz0iaHR0cDovL3d3dy53My5vcmcvMjAwMC9zdmciPjwvc3ZnPg==\" class=\"lazyload\"><\/p>\n\n\n\n<p>O novo coronav\u00edrus causou a morte de 93,57 mil pessoas no Brasil desde o in\u00edcio da pandemia. Segundo o balan\u00e7o, de ontem (31) para hoje &nbsp;foram registradas mais 1.088 mortes.<\/p>\n\n\n\n<p>A taxa de letalidade (n\u00famero de mortes pelo total de casos) est\u00e1 em 3,5%; e a de mortalidade (quantidade de \u00f3bitos por 100 mil habitantes) em 44,5.<\/p>\n\n\n\n<p><strong>Estados<\/strong><\/p>\n\n\n\n<p>S\u00e3o Paulo continua sendo a unidade federativa com maior n\u00famero de mortes por covid-19, com 23.236 \u00f3bitos. Em segundo lugar est\u00e1 o Rio de Janeiro, que registra 13.556 mortes. Em terceiro lugar est\u00e1 o Cear\u00e1 (7.698), seguido por Pernambuco (6.597) e pelo Par\u00e1 (5.750).<\/p>\n\n\n\n<p>S\u00e3o Paulo lidera tamb\u00e9m no total de casos diagnosticados, com 552.318 pessoas testando positivo para a doen\u00e7a. Em segundo lugar est\u00e1 o Cear\u00e1, com 175.928 diagn\u00f3sticos positivos; Bahia (168.926) e Rio de Janeiro (167.213).<\/p>\n\n\n\n<figure class=\"wp-block-image\"><img decoding=\"async\" data-src=\"https:\/\/imagens.ebc.com.br\/8vS-elzOZAbw3WJoJ7srhlC_MCw=\/754x0\/smart\/https:\/\/agenciabrasil.ebc.com.br\/sites\/default\/files\/thumbnails\/image\/whatsapp_image_2020-08-01_at_18.53.07.jpeg?itok=4E93jWK2\" alt=\"Situa\u00e7\u00e3o epidemiol\u00f3gica da covid-19 no Brasil\" title=\"Divulga\u00e7\u00e3o\/ Minist\u00e9rio da Sa\u00fade\" src=\"data:image\/svg+xml;base64,PHN2ZyB3aWR0aD0iMSIgaGVpZ2h0PSIxIiB4bWxucz0iaHR0cDovL3d3dy53My5vcmcvMjAwMC9zdmciPjwvc3ZnPg==\" class=\"lazyload\" \/><\/figure>\n","protected":false},"excerpt":{"rendered":"<p>O Brasil registrou, desde o in\u00edcio da pandemia, &nbsp;2,70 milh\u00f5es de pessoas infectadas pelo covid-19, &nbsp;segundo balan\u00e7o divulgado neste s\u00e1bado (1\u00ba) pelo Minist\u00e9rio das Sa\u00fade.&hellip; <\/p>\n","protected":false},"author":2,"featured_media":181014,"comment_status":"closed","ping_status":"closed","sticky":false,"template":"","format":"standard","meta":{"sfsi_plus_gutenberg_text_before_share":"","sfsi_plus_gutenberg_show_text_before_share":"","sfsi_plus_gutenberg_icon_type":"","sfsi_plus_gutenberg_icon_alignemt":"","sfsi_plus_gutenburg_max_per_row":"","footnotes":""},"categories":[50,16],"tags":[],"class_list":["post-181659","post","type-post","status-publish","format-standard","has-post-thumbnail","hentry","category-destaque","category-saude"],"_links":{"self":[{"href":"https:\/\/www.caririemacao.com\/1\/wp-json\/wp\/v2\/posts\/181659","targetHints":{"allow":["GET"]}}],"collection":[{"href":"https:\/\/www.caririemacao.com\/1\/wp-json\/wp\/v2\/posts"}],"about":[{"href":"https:\/\/www.caririemacao.com\/1\/wp-json\/wp\/v2\/types\/post"}],"author":[{"embeddable":true,"href":"https:\/\/www.caririemacao.com\/1\/wp-json\/wp\/v2\/users\/2"}],"replies":[{"embeddable":true,"href":"https:\/\/www.caririemacao.com\/1\/wp-json\/wp\/v2\/comments?post=181659"}],"version-history":[{"count":1,"href":"https:\/\/www.caririemacao.com\/1\/wp-json\/wp\/v2\/posts\/181659\/revisions"}],"predecessor-version":[{"id":181660,"href":"https:\/\/www.caririemacao.com\/1\/wp-json\/wp\/v2\/posts\/181659\/revisions\/181660"}],"wp:featuredmedia":[{"embeddable":true,"href":"https:\/\/www.caririemacao.com\/1\/wp-json\/wp\/v2\/media\/181014"}],"wp:attachment":[{"href":"https:\/\/www.caririemacao.com\/1\/wp-json\/wp\/v2\/media?parent=181659"}],"wp:term":[{"taxonomy":"category","embeddable":true,"href":"https:\/\/www.caririemacao.com\/1\/wp-json\/wp\/v2\/categories?post=181659"},{"taxonomy":"post_tag","embeddable":true,"href":"https:\/\/www.caririemacao.com\/1\/wp-json\/wp\/v2\/tags?post=181659"}],"curies":[{"name":"wp","href":"https:\/\/api.w.org\/{rel}","templated":true}]}}