{"id":181662,"date":"2020-08-02T08:19:23","date_gmt":"2020-08-02T11:19:23","guid":{"rendered":"https:\/\/www.caririemacao.com\/1\/?p=181662"},"modified":"2020-08-02T08:19:23","modified_gmt":"2020-08-02T11:19:23","slug":"ufpb-inscreve-para-36-cursos-e-eventos-online-ate-este-domingo","status":"publish","type":"post","link":"https:\/\/www.caririemacao.com\/1\/2020\/08\/02\/ufpb-inscreve-para-36-cursos-e-eventos-online-ate-este-domingo\/","title":{"rendered":"UFPB inscreve para 36 cursos e eventos online at\u00e9 este domingo"},"content":{"rendered":"\n<p>A Universidade Federal da Para\u00edba (UFPB) inscreve em 36 cursos e eventos on-line at\u00e9 domingo (2), pelo Sistema Integrado de Gest\u00e3o de Eventos (SIGEventos) da institui\u00e7\u00e3o. H\u00e1 vagas para bate-papos virtuais, ciclos, cine-virtual, confer\u00eancias, col\u00f3quio, cursos, mesas-redondas, minicursos, oficinas, palestras, sala de debate e semin\u00e1rios.<\/p>\n\n\n\n<p>A depender da iniciativa, podem se inscrever estudantes, t\u00e9cnico-administrativos, docentes e p\u00fablico externo.<\/p>\n\n\n\n<p>O SIGEventos \u00e9 uma ferramenta para o gerenciamento de eventos que facilita o desenvolvimento das atividades e produ\u00e7\u00f5es da comunidade acad\u00eamica.<\/p>\n\n\n\n<p>Caso ainda n\u00e3o possua cadastro no SIGEventos, clique neste link&nbsp; &nbsp;(somente usu\u00e1rios externos \u00e0 UFPB ). O sistema \u00e9 melhor visualizado utilizando o Mozilla Firefox. Para abrir documentos, \u00e9 necess\u00e1rio fazer o download do Adobe Reader.<\/p>\n\n\n\n<p>D\u00favidas sobre cadastro, acesso ao sistema e in\u00edcio das atividades dos cursos devem ser direcionadas \u00e0 Pr\u00f3-Reitoria de Gradua\u00e7\u00e3o (PRG) da UFPB, atrav\u00e9s dos e-mails codesc@prg.ufpb.br ou prg@prg.ufpb.br.<\/p>\n\n\n\n<p><strong>Confira, abaixo, os cursos e eventos com inscri\u00e7\u00f5es abertas:&nbsp;<\/strong><\/p>\n\n\n\n<ul class=\"wp-block-list\"><li>Debate sobre o filme &#8220;Meu nome \u00e9 Jacque&#8221;<\/li><li>&#8220;E as can\u00e7\u00f5es t\u00e3o lindas de amor&#8230;n\u00e3o mais ouvir\u00e1&#8221;: a sinfonia (des)afinada de Eros<\/li><li>Projeto bem-vindo! &#8211; bate-papo intercultural<\/li><li>Ciclo de palestras &#8211; Perspectiva dial\u00f3gica no ensino de l\u00ednguas: quest\u00f5es de estilo<\/li><li>III Ciclo Internacional de Confer\u00eancias Franc\u00f3fonas do curso de Especializa\u00e7\u00e3o em L\u00edngua Francesa e suas literaturas<\/li><li>Quintas de Hist\u00f3ria 2020<\/li><li>Cine Debate Sa\u00fade Mental e Gera\u00e7\u00e3o de Renda: Arte e Loucura: &#8220;Nise &#8211; O cora\u00e7\u00e3o da loucura&#8221;<\/li><li>Sa\u00fade Funcional na Aten\u00e7\u00e3o B\u00e1sica<\/li><li>O projeto &#8220;Internacionaliza\u00e7\u00e3o e interculturalidade universit\u00e1ria&#8221; apresenta o ciclo de confer\u00eancias internacionais: Inclusion in the Times of COVID: Considerations of Academics in Special Education<\/li><li>Cuidados em sa\u00fade bucal no contexto da pandemia da Covid-19<\/li><li>Direito Constitucional: estudo do controle de constitucionalidade<\/li><li>Direito Humano ao combate \u00e0 corrup\u00e7\u00e3o no Brasil: estudo com base no Direito Administrativo, no Direito Penal, no Direito Civil e no Direito Processual<\/li><li>Direito Penal parte especial do C\u00f3digo Penal: dos crimes contra a vida<\/li><li>Direitos Humanos, pluralidade e diversidade<\/li><li>Fablab: aprendendo python<\/li><li>Pedagogia da diferen\u00e7a &#8211; sobre o processo de inclus\u00e3o na escola regular<\/li><li>Semin\u00e1rio escolar\/acad\u00eamico: mobiliza\u00e7\u00e3o de atividades de leitura, escrita, exposi\u00e7\u00e3o e debate<\/li><li>Imagin\u00e1rio medieval. Representa\u00e7\u00f5es de In\u00e9s de Castro e Rodrigo D\u00edaz de Vivar ao longo dos s\u00e9culos<\/li><li>Terapia Comunit\u00e1ria Integrativa (TCI) e os saberes da Pedagogia Freireana<\/li><li>VJA: mulheres no v\u00eddeo mapping<\/li><li>Controle de convencionalidade e controle de constitucionalidade no Brasil<\/li><li>Direito Administrativo: Organiza\u00e7\u00e3o da Administra\u00e7\u00e3o P\u00fablica<\/li><li>Direitos Humanos, Direitos Fundamentais, Direito Processual Penal e Pris\u00f5es no Brasil<\/li><li>Direitos Humanos e Direito Processual Penal: Investiga\u00e7\u00e3o Criminal<\/li><li>Discurso, Sujeito e Mem\u00f3ria na Constru\u00e7\u00e3o Midi\u00e1tica sobre a Pandemia da COVID-19<\/li><li>Introdu\u00e7\u00e3o ao Trabalho de Conclus\u00e3o de Curso<\/li><li>Matem\u00e1tica Financeira para Mudan\u00e7a de Comportamento<\/li><li>Revisando S\u00e9ries de Fourier para Aplica\u00e7\u00f5es em Processamento de Sinais (segunda oferta)<\/li><li>Elabora\u00e7\u00e3o do relat\u00f3rio de extens\u00e3o &#8211; para alunos do curso de Administra\u00e7\u00e3o P\u00fablica \u2013 EAD<\/li><li>Fazer Direito<\/li><li>Ciclo de Palestra da Caravana da Gest\u00e3o P\u00fablica 2020: &#8220;Minera\u00e7\u00e3o de Dados no Aux\u00edlio do Combate \u00e0 Corrup\u00e7\u00e3o&#8221;<\/li><li>Direito e Cinema: an\u00e1lise do direito \u00e0 vida e do direito \u00e0 sa\u00fade \u00e0 luz do filme &#8220;O \u00f3leo de Lorenzo&#8221;, de 1993<\/li><li>Direito e Cinema: an\u00e1lise do direito \u00e0 vida e do direito \u00e0 sa\u00fade \u00e0 luz do filme &#8220;Um homem entre gigantes&#8221;, de 2015<\/li><li>Direito e Document\u00e1rio: an\u00e1lise do direito \u00e0 vida e do direito \u00e0 sa\u00fade \u00e0 luz do document\u00e1rio &#8220;Ilegal: a vida n\u00e3o espera<\/li><li>Direito e Document\u00e1rio: an\u00e1lise hist\u00f3rica da viol\u00eancia sobre a popula\u00e7\u00e3o negra no Brasil e no mundo \u00e0 luz do document\u00e1rio &#8220;13\u00b0 emenda&#8221;, de 2016<\/li><li>II Semin\u00e1rio de Climatologia Geogr\u00e1fica da UFPB (II CLIMAGEO\/UFPB)<\/li><\/ul>\n","protected":false},"excerpt":{"rendered":"<p>A Universidade Federal da Para\u00edba (UFPB) inscreve em 36 cursos e eventos on-line at\u00e9 domingo (2), pelo Sistema Integrado de Gest\u00e3o de Eventos (SIGEventos) da&hellip; <\/p>\n","protected":false},"author":2,"featured_media":177789,"comment_status":"closed","ping_status":"closed","sticky":false,"template":"","format":"standard","meta":{"sfsi_plus_gutenberg_text_before_share":"","sfsi_plus_gutenberg_show_text_before_share":"","sfsi_plus_gutenberg_icon_type":"","sfsi_plus_gutenberg_icon_alignemt":"","sfsi_plus_gutenburg_max_per_row":"","footnotes":""},"categories":[50,14],"tags":[],"class_list":["post-181662","post","type-post","status-publish","format-standard","has-post-thumbnail","hentry","category-destaque","category-educacao"],"_links":{"self":[{"href":"https:\/\/www.caririemacao.com\/1\/wp-json\/wp\/v2\/posts\/181662","targetHints":{"allow":["GET"]}}],"collection":[{"href":"https:\/\/www.caririemacao.com\/1\/wp-json\/wp\/v2\/posts"}],"about":[{"href":"https:\/\/www.caririemacao.com\/1\/wp-json\/wp\/v2\/types\/post"}],"author":[{"embeddable":true,"href":"https:\/\/www.caririemacao.com\/1\/wp-json\/wp\/v2\/users\/2"}],"replies":[{"embeddable":true,"href":"https:\/\/www.caririemacao.com\/1\/wp-json\/wp\/v2\/comments?post=181662"}],"version-history":[{"count":1,"href":"https:\/\/www.caririemacao.com\/1\/wp-json\/wp\/v2\/posts\/181662\/revisions"}],"predecessor-version":[{"id":181663,"href":"https:\/\/www.caririemacao.com\/1\/wp-json\/wp\/v2\/posts\/181662\/revisions\/181663"}],"wp:featuredmedia":[{"embeddable":true,"href":"https:\/\/www.caririemacao.com\/1\/wp-json\/wp\/v2\/media\/177789"}],"wp:attachment":[{"href":"https:\/\/www.caririemacao.com\/1\/wp-json\/wp\/v2\/media?parent=181662"}],"wp:term":[{"taxonomy":"category","embeddable":true,"href":"https:\/\/www.caririemacao.com\/1\/wp-json\/wp\/v2\/categories?post=181662"},{"taxonomy":"post_tag","embeddable":true,"href":"https:\/\/www.caririemacao.com\/1\/wp-json\/wp\/v2\/tags?post=181662"}],"curies":[{"name":"wp","href":"https:\/\/api.w.org\/{rel}","templated":true}]}}