{"id":181671,"date":"2020-08-02T08:33:48","date_gmt":"2020-08-02T11:33:48","guid":{"rendered":"https:\/\/www.caririemacao.com\/1\/?p=181671"},"modified":"2020-08-02T08:33:48","modified_gmt":"2020-08-02T11:33:48","slug":"prefeita-anna-lorena-entrega-mais-uma-obra-de-calcamento-em-monteiro","status":"publish","type":"post","link":"https:\/\/www.caririemacao.com\/1\/2020\/08\/02\/prefeita-anna-lorena-entrega-mais-uma-obra-de-calcamento-em-monteiro\/","title":{"rendered":"Prefeita Anna Lorena entrega mais uma obra de cal\u00e7amento em Monteiro"},"content":{"rendered":"\n<p>A Prefeita Anna Lorena esteve na tarde desta quinta-feira, 30, no Bairro Bernardino Lemos para entregar \u00e0quela comunidade a pavimenta\u00e7\u00e3o da Travessa Bernardino Batista.<\/p>\n\n\n\n<p>Estiveram presentes no momento da entrega ao lado da gestora os vereadores e pr\u00e9-candidatos a vereador, assim como a popula\u00e7\u00e3o que pode assistir a entrega, ouvir a mensagem da prefeita e do vereador, presidente da C\u00e2mara Caj\u00f3 Menezes, acompanhando de suas casas, para manter o distanciamento social, importante neste momento de pandemia.<\/p>\n\n\n\n<p>Anna Lorena fez quest\u00e3o de destacar a conclus\u00e3o da pavimenta\u00e7\u00e3o de diversas ruas, a exemplo da Vilinha do A\u00e7ude, al\u00e9m da conclus\u00e3o de pequenos trechos e travessas que beneficiam a popula\u00e7\u00e3o no sentido de evitar lama durante as chuvas e a poeira no tempo seco, al\u00e9m da valoriza\u00e7\u00e3o dos im\u00f3veis e dos bairros.<\/p>\n\n\n\n<p>Ainda durante o r\u00e1pido evento, a prefeita ainda informou sobre o recurso no valor de R$2 milh\u00f5es que ser\u00e3o empregadas em mais pavimenta\u00e7\u00f5es.<\/p>\n\n\n\n<p>Nos pr\u00f3ximos dias Anna Lorena tamb\u00e9m far\u00e1 a entrega da obra de revitaliza\u00e7\u00e3o e amplia\u00e7\u00e3o da Escola Jos\u00e9 Leite de Sousa que carrega o nome de seu av\u00f4. \u201cEsta obra de grande magnitude s\u00f3 foi poss\u00edvel gra\u00e7as a parceria Prefeitura e Governo do Estado. Estamos dando continuidade n\u00e3o s\u00f3 na melhoria dos espa\u00e7os p\u00fablicos, como tamb\u00e9m resgatando mem\u00f3rias e deixando um grande legado\u201d, complementou Lorena.<\/p>\n\n\n\n<p>ASCOM<\/p>\n","protected":false},"excerpt":{"rendered":"<p>A Prefeita Anna Lorena esteve na tarde desta quinta-feira, 30, no Bairro Bernardino Lemos para entregar \u00e0quela comunidade a pavimenta\u00e7\u00e3o da Travessa Bernardino Batista. Estiveram&hellip; <\/p>\n","protected":false},"author":2,"featured_media":181672,"comment_status":"closed","ping_status":"closed","sticky":false,"template":"","format":"standard","meta":{"sfsi_plus_gutenberg_text_before_share":"","sfsi_plus_gutenberg_show_text_before_share":"","sfsi_plus_gutenberg_icon_type":"","sfsi_plus_gutenberg_icon_alignemt":"","sfsi_plus_gutenburg_max_per_row":"","footnotes":""},"categories":[6,81],"tags":[],"class_list":["post-181671","post","type-post","status-publish","format-standard","has-post-thumbnail","hentry","category-cidades","category-monteiro"],"_links":{"self":[{"href":"https:\/\/www.caririemacao.com\/1\/wp-json\/wp\/v2\/posts\/181671","targetHints":{"allow":["GET"]}}],"collection":[{"href":"https:\/\/www.caririemacao.com\/1\/wp-json\/wp\/v2\/posts"}],"about":[{"href":"https:\/\/www.caririemacao.com\/1\/wp-json\/wp\/v2\/types\/post"}],"author":[{"embeddable":true,"href":"https:\/\/www.caririemacao.com\/1\/wp-json\/wp\/v2\/users\/2"}],"replies":[{"embeddable":true,"href":"https:\/\/www.caririemacao.com\/1\/wp-json\/wp\/v2\/comments?post=181671"}],"version-history":[{"count":1,"href":"https:\/\/www.caririemacao.com\/1\/wp-json\/wp\/v2\/posts\/181671\/revisions"}],"predecessor-version":[{"id":181673,"href":"https:\/\/www.caririemacao.com\/1\/wp-json\/wp\/v2\/posts\/181671\/revisions\/181673"}],"wp:featuredmedia":[{"embeddable":true,"href":"https:\/\/www.caririemacao.com\/1\/wp-json\/wp\/v2\/media\/181672"}],"wp:attachment":[{"href":"https:\/\/www.caririemacao.com\/1\/wp-json\/wp\/v2\/media?parent=181671"}],"wp:term":[{"taxonomy":"category","embeddable":true,"href":"https:\/\/www.caririemacao.com\/1\/wp-json\/wp\/v2\/categories?post=181671"},{"taxonomy":"post_tag","embeddable":true,"href":"https:\/\/www.caririemacao.com\/1\/wp-json\/wp\/v2\/tags?post=181671"}],"curies":[{"name":"wp","href":"https:\/\/api.w.org\/{rel}","templated":true}]}}