{"id":181685,"date":"2020-08-02T09:50:28","date_gmt":"2020-08-02T12:50:28","guid":{"rendered":"https:\/\/www.caririemacao.com\/1\/?p=181685"},"modified":"2020-08-02T09:50:28","modified_gmt":"2020-08-02T12:50:28","slug":"ministro-alerta-para-necessidade-de-emendas-para-continuidade-de-obras","status":"publish","type":"post","link":"https:\/\/www.caririemacao.com\/1\/2020\/08\/02\/ministro-alerta-para-necessidade-de-emendas-para-continuidade-de-obras\/","title":{"rendered":"Ministro alerta para necessidade de emendas para continuidade de obras"},"content":{"rendered":"\n<p>O ministro da Infraestrutura, Tarc\u00edsio Freitas, disse que, com o teto de gastos garantindo recursos corrigidos pela infla\u00e7\u00e3o para as \u00e1reas de sa\u00fade e educa\u00e7\u00e3o, a tend\u00eancia \u00e9 de redu\u00e7\u00e3o dos recursos p\u00fablicos destinados \u00e0 sua e a outras pastas, o que, segundo ele, pode inviabilizar a a\u00e7\u00e3o dos minist\u00e9rios, caso o Congresso Nacional n\u00e3o \u201cenfrente a quest\u00e3o\u201d.<img decoding=\"async\" data-src=\"https:\/\/agenciabrasil.ebc.com.br\/ebc.png?id=1312721&amp;o=node\" src=\"data:image\/svg+xml;base64,PHN2ZyB3aWR0aD0iMSIgaGVpZ2h0PSIxIiB4bWxucz0iaHR0cDovL3d3dy53My5vcmcvMjAwMC9zdmciPjwvc3ZnPg==\" class=\"lazyload\"><img decoding=\"async\" data-src=\"https:\/\/agenciabrasil.ebc.com.br\/ebc.gif?id=1312721&amp;o=node\" src=\"data:image\/svg+xml;base64,PHN2ZyB3aWR0aD0iMSIgaGVpZ2h0PSIxIiB4bWxucz0iaHR0cDovL3d3dy53My5vcmcvMjAwMC9zdmciPjwvc3ZnPg==\" class=\"lazyload\"><\/p>\n\n\n\n<p>A afirma\u00e7\u00e3o foi feita hoje a parlamentares da bancada do Maranh\u00e3o, durante a cerim\u00f4nia virtual de assinatura das ordens de servi\u00e7o que d\u00e3o in\u00edcio \u00e0 duplica\u00e7\u00e3o de 18 quil\u00f4metros da BR-135, e \u00e0 retomada da obra na Travessia Urbana de Imperatriz, localizada na BR-010 \u2013 obra paralisada para revis\u00e3o de projetos. De acordo com a pasta, est\u00e3o previstos R$ 80 milh\u00f5es em investimentos nessas obras localizadas em territ\u00f3rio maranhense.<\/p>\n\n\n\n<p>Ao comentar que o governo j\u00e1 contratou cerca de R$ 26 bilh\u00f5es, por meio de leil\u00f5es de concess\u00e3o do setor ferrovi\u00e1rio \u00e0 iniciativa privada, Freitas disse que est\u00e1 \u201co tempo todo fazendo esfor\u00e7o com a Economia para tentar trazer mais recurso para o Minist\u00e9rio da Infraestrutura\u201d.<\/p>\n\n\n\n<p>\u201cAgora, infelizmente, temos um teto de gastos e temos despesas obrigat\u00f3rias que crescem, e muita despesa vinculada. Ent\u00e3o, por exemplo, recursos de educa\u00e7\u00e3o e sa\u00fade sempre crescem acompanhando a infla\u00e7\u00e3o. Como a gente tem o teto, se os recursos de sa\u00fade e educa\u00e7\u00e3o est\u00e3o crescendo, o recurso de infraestrutura est\u00e1 diminuindo. Nosso espa\u00e7o vai ser cada vez menor\u201d, disse o ministro dirigindo-se a parlamentares da bancada maranhense.<\/p>\n\n\n\n<p>Segundo o ministro, em algum momento, o Congresso tem que enfrentar a quest\u00e3o da desvincula\u00e7\u00e3o, porque, se n\u00e3o, todos os minist\u00e9rios v\u00e3o parar em algum momento. Vamos ter o crescimento dos recursos para educa\u00e7\u00e3o e sa\u00fade, o que, obviamente, \u00e9 merit\u00f3rio e importante. Agora temos de come\u00e7ar a discutir tamb\u00e9m a quest\u00e3o da efetividade; dos incentivos para que os resultados tamb\u00e9m apare\u00e7am\u201d, argumentou.<\/p>\n\n\n\n<p>Freitas lembrou que, tendo como refer\u00eancia a rela\u00e7\u00e3o com o Produto Interno Bruto (PIB, que \u00e9 a soma de todos os bens e servi\u00e7os produzidos no pa\u00eds), \u201co Brasil \u00e9 um dos pa\u00edses que mais investem em educa\u00e7\u00e3o e sa\u00fade. N\u00e3o falta dinheiro para essas \u00e1reas, e os or\u00e7amentos s\u00e3o crescentes. J\u00e1 os nossos v\u00e3o diminuindo. N\u00e3o h\u00e1 espa\u00e7o. Ent\u00e3o a gente faz todo esfor\u00e7o para conseguir recursos\u201d, acrescentou.<\/p>\n\n\n\n<p><strong>BR-135<\/strong><\/p>\n\n\n\n<p>Sobre as obras que tiveram ordens de servi\u00e7o assinadas hoje, a previs\u00e3o \u00e9 que a frente de servi\u00e7os na BR-135 tenha in\u00edcio nesta segunda-feira (3), abrangendo o trecho de 18 quil\u00f4metros&nbsp; compreendido entre os munic\u00edpios de Bacabeira e Santa Rita (Km 51 ao km 69).<\/p>\n\n\n\n<p>Segundo o minist\u00e9rio, as equipes j\u00e1 est\u00e3o se mobilizando, realizando servi\u00e7os de pequena monta, como preparo para chegada de equipamentos, contrata\u00e7\u00e3o de m\u00e3o de obra e limpeza do local. Posteriormente, ter\u00e3o in\u00edcio os trabalhos de pista. A expectativa \u00e9 concluir o cronograma at\u00e9 dezembro deste ano.<\/p>\n\n\n\n<p>A duplica\u00e7\u00e3o da BR-135 entre as cidades de Bacabeira e Miranda do Norte (km 51 ao km 127) pretende dar maior seguran\u00e7a ao tr\u00e2nsito local, de forma a minimizar o n\u00famero de acidentes nas \u00e1reas mais movimentadas da rodovia e proporcionar melhores condi\u00e7\u00f5es para o transporte de servi\u00e7os e produtos e a diminui\u00e7\u00e3o do tempo de percurso dos usu\u00e1rios na rodovia\u201d.<\/p>\n\n\n\n<p><strong>Travessia de Imperatriz<\/strong><\/p>\n\n\n\n<p>A Travessia de Imperatriz ter\u00e1 suas obras de readequa\u00e7\u00e3o de capacidade e reabilita\u00e7\u00e3o de 14,7 km na BR-010 tamb\u00e9m reiniciadas em agosto.<\/p>\n\n\n\n<p>Al\u00e9m da duplica\u00e7\u00e3o de trecho ser\u00e3o feitas obras complementares e o alargamento das vias laterais existentes, com viadutos ao longo da rodovia sendo utilizados como retornos e acessos aos empreendimentos pr\u00f3ximos. Ser\u00e3o tamb\u00e9m constru\u00eddas uma passarela e uma ciclovia ao longo do passeio das marginais.<\/p>\n","protected":false},"excerpt":{"rendered":"<p>O ministro da Infraestrutura, Tarc\u00edsio Freitas, disse que, com o teto de gastos garantindo recursos corrigidos pela infla\u00e7\u00e3o para as \u00e1reas de sa\u00fade e educa\u00e7\u00e3o,&hellip; <\/p>\n","protected":false},"author":2,"featured_media":181686,"comment_status":"closed","ping_status":"closed","sticky":false,"template":"","format":"standard","meta":{"sfsi_plus_gutenberg_text_before_share":"","sfsi_plus_gutenberg_show_text_before_share":"","sfsi_plus_gutenberg_icon_type":"","sfsi_plus_gutenberg_icon_alignemt":"","sfsi_plus_gutenburg_max_per_row":"","footnotes":""},"categories":[11],"tags":[],"class_list":["post-181685","post","type-post","status-publish","format-standard","has-post-thumbnail","hentry","category-politica"],"_links":{"self":[{"href":"https:\/\/www.caririemacao.com\/1\/wp-json\/wp\/v2\/posts\/181685","targetHints":{"allow":["GET"]}}],"collection":[{"href":"https:\/\/www.caririemacao.com\/1\/wp-json\/wp\/v2\/posts"}],"about":[{"href":"https:\/\/www.caririemacao.com\/1\/wp-json\/wp\/v2\/types\/post"}],"author":[{"embeddable":true,"href":"https:\/\/www.caririemacao.com\/1\/wp-json\/wp\/v2\/users\/2"}],"replies":[{"embeddable":true,"href":"https:\/\/www.caririemacao.com\/1\/wp-json\/wp\/v2\/comments?post=181685"}],"version-history":[{"count":1,"href":"https:\/\/www.caririemacao.com\/1\/wp-json\/wp\/v2\/posts\/181685\/revisions"}],"predecessor-version":[{"id":181687,"href":"https:\/\/www.caririemacao.com\/1\/wp-json\/wp\/v2\/posts\/181685\/revisions\/181687"}],"wp:featuredmedia":[{"embeddable":true,"href":"https:\/\/www.caririemacao.com\/1\/wp-json\/wp\/v2\/media\/181686"}],"wp:attachment":[{"href":"https:\/\/www.caririemacao.com\/1\/wp-json\/wp\/v2\/media?parent=181685"}],"wp:term":[{"taxonomy":"category","embeddable":true,"href":"https:\/\/www.caririemacao.com\/1\/wp-json\/wp\/v2\/categories?post=181685"},{"taxonomy":"post_tag","embeddable":true,"href":"https:\/\/www.caririemacao.com\/1\/wp-json\/wp\/v2\/tags?post=181685"}],"curies":[{"name":"wp","href":"https:\/\/api.w.org\/{rel}","templated":true}]}}