{"id":181689,"date":"2020-08-02T09:54:21","date_gmt":"2020-08-02T12:54:21","guid":{"rendered":"https:\/\/www.caririemacao.com\/1\/?p=181689"},"modified":"2020-08-02T09:54:21","modified_gmt":"2020-08-02T12:54:21","slug":"gusttavo-lima-leo-santana-e-emicida-fazem-lives-neste-domingo-confira-programacao-completa","status":"publish","type":"post","link":"https:\/\/www.caririemacao.com\/1\/2020\/08\/02\/gusttavo-lima-leo-santana-e-emicida-fazem-lives-neste-domingo-confira-programacao-completa\/","title":{"rendered":"Gusttavo Lima, L\u00e9o Santana e Emicida fazem lives neste domingo; confira programa\u00e7\u00e3o completa"},"content":{"rendered":"\n<p>Seguindo as recomenda\u00e7\u00f5es das autoridades de sa\u00fade contra a pandemia do novo coronav\u00edrus (covid-19), diversos artistas vem mostrando seus trabalhos com realiza\u00e7\u00f5es de lives em redes sociais e nas mais diversas plataformas de transmiss\u00f5es de v\u00eddeos.&nbsp;<\/p>\n\n\n\n<p>O Portal  vem divulgando diariamente cada programa\u00e7\u00e3o dessas lives para ajudar o internauta durante a quarentena, e neste domingo (02), nomes como Gusttavo Lima, Emicida, L\u00e9o Santana, Larissa Luz\u00a0dentre outros, realizam suas lives.\u00a0<\/p>\n\n\n\n<p><strong>Confira:<\/strong><\/p>\n\n\n\n<ul class=\"wp-block-list\"><li>L\u00e9o Santana convida Dilsinho e Ferrugem &#8211; 13h &#8211;\u00a0<a href=\"https:\/\/www.youtube.com\/watch?v=P5g7TLNSvX4\">Link<\/a><\/li><li>Gusttavo Lima com participa\u00e7\u00e3o de Matheus &amp; Kauan, Rai Saia Rodada e Wallas Arrais &#8211; 14h &#8211;\u00a0<a href=\"http:\/\/www.youtube.com\/gusttavolimaoficial\">Link<\/a><\/li><li>Aglomerou &#8211; 15h &#8211;\u00a0<a href=\"https:\/\/www.youtube.com\/channel\/UCxO81OBW_oEMhud-a-6hzCw\">Link<\/a><\/li><li>Larissa Luz (Em Casa com Sesc) &#8211; 19h &#8211;\u00a0<a href=\"https:\/\/www.youtube.com\/channel\/UCESs365L1Ccnq4q3J5yZ7nQ\">Link<\/a><\/li><li>Lolla 2020\u00a0&#8211; 19h &#8211;\u00a0<a href=\"https:\/\/www.youtube.com\/user\/lollapalooza\">Link<\/a><\/li><li>Emicida &#8211; 21h &#8211;\u00a0<a href=\"https:\/\/getbe.app.link\/\">Link<\/a><\/li><li>Teresa Cristina &#8211; 22h &#8211;\u00a0<a href=\"https:\/\/www.instagram.com\/teresacristinaoficial\/\">Link<\/a><\/li><\/ul>\n\n\n\n<p>Click PB<\/p>\n","protected":false},"excerpt":{"rendered":"<p>Seguindo as recomenda\u00e7\u00f5es das autoridades de sa\u00fade contra a pandemia do novo coronav\u00edrus (covid-19), diversos artistas vem mostrando seus trabalhos com realiza\u00e7\u00f5es de lives em&hellip; <\/p>\n","protected":false},"author":2,"featured_media":181690,"comment_status":"closed","ping_status":"closed","sticky":false,"template":"","format":"standard","meta":{"sfsi_plus_gutenberg_text_before_share":"","sfsi_plus_gutenberg_show_text_before_share":"","sfsi_plus_gutenberg_icon_type":"","sfsi_plus_gutenberg_icon_alignemt":"","sfsi_plus_gutenburg_max_per_row":"","footnotes":""},"categories":[2],"tags":[],"class_list":["post-181689","post","type-post","status-publish","format-standard","has-post-thumbnail","hentry","category-geral"],"_links":{"self":[{"href":"https:\/\/www.caririemacao.com\/1\/wp-json\/wp\/v2\/posts\/181689","targetHints":{"allow":["GET"]}}],"collection":[{"href":"https:\/\/www.caririemacao.com\/1\/wp-json\/wp\/v2\/posts"}],"about":[{"href":"https:\/\/www.caririemacao.com\/1\/wp-json\/wp\/v2\/types\/post"}],"author":[{"embeddable":true,"href":"https:\/\/www.caririemacao.com\/1\/wp-json\/wp\/v2\/users\/2"}],"replies":[{"embeddable":true,"href":"https:\/\/www.caririemacao.com\/1\/wp-json\/wp\/v2\/comments?post=181689"}],"version-history":[{"count":1,"href":"https:\/\/www.caririemacao.com\/1\/wp-json\/wp\/v2\/posts\/181689\/revisions"}],"predecessor-version":[{"id":181691,"href":"https:\/\/www.caririemacao.com\/1\/wp-json\/wp\/v2\/posts\/181689\/revisions\/181691"}],"wp:featuredmedia":[{"embeddable":true,"href":"https:\/\/www.caririemacao.com\/1\/wp-json\/wp\/v2\/media\/181690"}],"wp:attachment":[{"href":"https:\/\/www.caririemacao.com\/1\/wp-json\/wp\/v2\/media?parent=181689"}],"wp:term":[{"taxonomy":"category","embeddable":true,"href":"https:\/\/www.caririemacao.com\/1\/wp-json\/wp\/v2\/categories?post=181689"},{"taxonomy":"post_tag","embeddable":true,"href":"https:\/\/www.caririemacao.com\/1\/wp-json\/wp\/v2\/tags?post=181689"}],"curies":[{"name":"wp","href":"https:\/\/api.w.org\/{rel}","templated":true}]}}