{"id":181696,"date":"2020-08-02T09:59:13","date_gmt":"2020-08-02T12:59:13","guid":{"rendered":"https:\/\/www.caririemacao.com\/1\/?p=181696"},"modified":"2020-08-02T09:59:13","modified_gmt":"2020-08-02T12:59:13","slug":"pandemia-impacta-vida-de-pessoas-com-diabetes-no-brasil-diz-pesquisa","status":"publish","type":"post","link":"https:\/\/www.caririemacao.com\/1\/2020\/08\/02\/pandemia-impacta-vida-de-pessoas-com-diabetes-no-brasil-diz-pesquisa\/","title":{"rendered":"Pandemia impacta vida de pessoas com diabetes no Brasil, diz pesquisa"},"content":{"rendered":"\n<p>Assim que foi decretada a quarentena em S\u00e3o Paulo, o aposentado de 87 anos Antonio Fernandez foi passar o per\u00edodo de isolamento com a filha no interior de Minas Gerais. O isolamento est\u00e1 protegendo o ex-comerciante da pandemia do coronav\u00edrus, mas alterou sua diabetes tipo 2, revelou a filha dele.<img decoding=\"async\" data-src=\"https:\/\/agenciabrasil.ebc.com.br\/ebc.png?id=1312762&amp;o=node\" src=\"data:image\/svg+xml;base64,PHN2ZyB3aWR0aD0iMSIgaGVpZ2h0PSIxIiB4bWxucz0iaHR0cDovL3d3dy53My5vcmcvMjAwMC9zdmciPjwvc3ZnPg==\" class=\"lazyload\"><img decoding=\"async\" data-src=\"https:\/\/agenciabrasil.ebc.com.br\/ebc.gif?id=1312762&amp;o=node\" src=\"data:image\/svg+xml;base64,PHN2ZyB3aWR0aD0iMSIgaGVpZ2h0PSIxIiB4bWxucz0iaHR0cDovL3d3dy53My5vcmcvMjAwMC9zdmciPjwvc3ZnPg==\" class=\"lazyload\"><\/p>\n\n\n\n<p>\u201c[Ele] acabou comendo mais carboidratos, como o p\u00e3o do churrasco. Ele saiu da rotina. \u00c9 como se estivesse em f\u00e9rias, cada dia d\u00e1 vontade de comer uma coisa. Acho que essa mem\u00f3ria afetiva de estar juntos, faz com que a gente queria sempre comer uma coisa que faz relembrar o que a gente comia antes. Acho que isso deve ter atrapalhado\u201d, diz a professora Angela Campos, filha de Antonio.<\/p>\n\n\n\n<p>O pr\u00f3prio aposentado admite que est\u00e1 comendo mais e sem regras. \u201cAntes eu fazia a minha comida, comia o que queria, agora \u00e9 diferente. Essa quarentena atrapalhou meus h\u00e1bitos alimentares\u201d, diz o aposentado, que \u00e9 espanhol e segue a dieta mediterr\u00e2nea, rica em peixes e frutos do mar, frutas e legumes.<\/p>\n\n\n\n<p>Assim como Antonio, milhares de brasileiros com diabetes tiverem suas dietas alteradas em raz\u00e3o da quarentena. \u00c9 o que revela&nbsp;<a href=\"https:\/\/www.sciencedirect.com\/science\/article\/pii\/S0168822720305568\" target=\"_blank\" rel=\"noreferrer noopener\">uma pesquisa in\u00e9dita<\/a>&nbsp;feita com 1.701 brasileiros com diabetes e que mostrou como a pandemia por covid-19 alterou seus cotidianos, controle da doen\u00e7a, padr\u00e3o de alimenta\u00e7\u00e3o, atividade f\u00edsica, acesso a medicamentos e servi\u00e7os de sa\u00fade.<\/p>\n\n\n\n<h2 class=\"wp-block-heading\">Menos exerc\u00edcios<\/h2>\n\n\n\n<p>Realizada entre 22 de abril e 4 de maio, em ambiente online, o estudo identificou que 59,5% dos entrevistados apresentaram redu\u00e7\u00e3o nas atividades f\u00edsicas; 59,4% observaram varia\u00e7\u00e3o na glicemia e 38,4% adiaram ou cancelaram suas consultas m\u00e9dicas. A pesquisa foi coordenada pelo vice-presidente da International Diabetes Fedaration (IDF), Mark Ugliara Barone, tamb\u00e9m membro do Departamento de Educa\u00e7\u00e3o da Sociedade Brasileira de Diabetes (SBD).<\/p>\n\n\n\n<p>\u201cO distanciamento social ou f\u00edsico era esperado para que essas pessoas estivessem protegidas. Ao mesmo tempo, n\u00e3o se sabia quais impactos isso teria sobre a rotina e os comportamentos dessas pessoas, o que acabou levando \u00e0 piora da glicemia de boa parte dessa popula\u00e7\u00e3o. Como se sabe, o aumento dos n\u00edveis ou da variabilidade da glicemia levam esses indiv\u00edduos a um grupo de risco ainda muito mais elevado para gravidade da covid-19, se infectados\u201d, disse o pesquisador.<\/p>\n\n\n\n<p>Para Barone, entre os comportamentos de destaque que possivelmente contribu\u00edram para esse impacto sobre a glicemia, destacam-se a redu\u00e7\u00e3o de atividades f\u00edsicas e o cancelamento ou adiamento de consultas e exames. \u201cNeste momento, essas pessoas deveriam ser orientadas e ter suas terapias ajustadas \u00e0 nova rotina por profissionais de sa\u00fade\u201d, disse.<\/p>\n\n\n\n<figure class=\"wp-block-image\"><img decoding=\"async\" data-src=\"https:\/\/imagens.ebc.com.br\/IYvM7vYBNJM5qREnCIsYx91hby0=\/754x0\/smart\/https:\/\/agenciabrasil.ebc.com.br\/sites\/default\/files\/atoms\/image\/remedios.jpg?itok=zZ6aDCNa\" alt=\"rem\u00e9dio\" title=\"F\u00e1bio Pozzebom\/Ag\u00eancia Brasil\" src=\"data:image\/svg+xml;base64,PHN2ZyB3aWR0aD0iMSIgaGVpZ2h0PSIxIiB4bWxucz0iaHR0cDovL3d3dy53My5vcmcvMjAwMC9zdmciPjwvc3ZnPg==\" class=\"lazyload\" \/><\/figure>\n\n\n\n<h6 class=\"wp-block-heading\">Segundo a pesquisa,&nbsp;79% n\u00e3o receberam seus medicamentos e insumos pelo SUS &#8211;&nbsp;<strong>F\u00e1bio Pozzebom\/Ag\u00eancia Brasil<\/strong><\/h6>\n\n\n\n<h2 class=\"wp-block-heading\">Medicamentos<\/h2>\n\n\n\n<p>Outro dado que chamou a aten\u00e7\u00e3o do pesquisador \u00e9 que 79% n\u00e3o receberam seus medicamentos e insumos pelo Sistema \u00danico de Sa\u00fade (SUS) para o per\u00edodo de 90 dias. \u201c[Essa seria a] principal medida para proteger essa popula\u00e7\u00e3o para evitar sa\u00eddas mensais de casa para retirar medicamentos e se expor ao risco de cont\u00e1gio no transporte, em UBSs [unidades b\u00e1sicas de Sa\u00fade] ou farm\u00e1cias p\u00fablicas\u201d. De acordo com a pesquisa, 5,8% deixou de retirar seus medicamentos para autocuidados.<\/p>\n\n\n\n<p>Dos entrevistados, 61,2% afirmaram serem usu\u00e1rios do SUS \u2013 de modo exclusivo ou parcial \u2013 para a realiza\u00e7\u00e3o de consultas e outros servi\u00e7os m\u00e9dicos. No per\u00edodo aferido, 78,6% das pessoas deixaram de fazer suas consultas regulares \u2013 38,4% adiaram suas consultas m\u00e9dicas e 40,2% n\u00e3o efetuaram agendamentos desde o in\u00edcio da pandemia.<\/p>\n\n\n\n<p>O estudo investigou o acesso \u00e0 medica\u00e7\u00e3o para continuidade de tratamentos. Os dados mostraram que 64,5% receberam rem\u00e9dios e suprimentos por meio do SUS; 49,9% precisaram sair de casa para pegar a medica\u00e7\u00e3o e 44,3% apontaram ter amigos ou familiares que se disponibilizaram a realizar tal atividade. Usu\u00e1rios do sistema privado de sa\u00fade revelaram efetuar compras de medicamentos por meio de entrega em domic\u00edlio ou possu\u00edrem estoques de rem\u00e9dios e suprimentos m\u00e9dicos para sua aplica\u00e7\u00e3o ou para aferi\u00e7\u00e3o glic\u00eamica.<\/p>\n\n\n\n<h2 class=\"wp-block-heading\">H\u00e1bitos alterados<\/h2>\n\n\n\n<p>A pesquisa tamb\u00e9m investigou comportamentos alimentares e relacionados \u00e0 pr\u00e1tica de atividades f\u00edsicas. Dentre os entrevistados, 29,8% revelaram aumento na ingest\u00e3o de alimentos. Ao mesmo tempo, 59,5% diminu\u00edram a frequ\u00eancia de atividades f\u00edsicas (44,8% tiveram um decl\u00ednio elevado). Perguntados sobre o tempo dedicado \u00e0 TV e internet, 48,8% apresentaram aumento junto ao primeiro equipamento. Quanto ao segundo dispositivo, o tempo despendido cresceu 53,5%.<\/p>\n\n\n\n<p>De acordo com o pesquisador, medidas efetivas precisam ser tomadas de imediato para n\u00e3o piorar ainda mais a situa\u00e7\u00e3o das altera\u00e7\u00f5es na glicemia. \u201cSabemos que, apenas com gerenciamento adequado da glicemia, as pessoas com diabetes podem ter uma vida saud\u00e1vel. Do contr\u00e1rio, al\u00e9m de se colocarem em um grupo de maior risco para quadros graves da covid-19, podem desenvolver complica\u00e7\u00f5es agudas e cr\u00f4nicas com consequ\u00eancias muito severas tanto a elas mesmas e suas fam\u00edlias (perda de vis\u00e3o, hemodi\u00e1lise, etc.), como para a sociedade e sistema de sa\u00fade, visto que o custo para o tratamento dessas complica\u00e7\u00f5es \u00e9 muitas vezes maior do que o custo para preven\u00e7\u00e3o e tratamento de diabetes\u201d.<\/p>\n\n\n\n<p>Barone alerta, portanto, que as medidas que deveriam atender 100% dessa popula\u00e7\u00e3o, e n\u00e3o apenas 21%, como \u00e9 o caso do fornecimento de medicamentos para 90 dias \u2013 devem ser ampliadas. \u201cEssas pessoas devem ser orientadas sobre atividades f\u00edsicas, nesse per\u00edodo, e serem informadas sobre como acessar o sistema de sa\u00fade de forma segura (por meio de telemedicina, por exemplo) para que tenham suas terapias adequadamente ajustadas\u201d.<\/p>\n\n\n\n<h2 class=\"wp-block-heading\">Question\u00e1rios<\/h2>\n\n\n\n<p>Realizada por meio de question\u00e1rio de m\u00faltipla escolha, a pesquisa teve p\u00fablico majoritariamente feminino (75,5%), de 18 a 50 anos (70,7%). Dentre eles, 60,7% afirmaram apresentar Diabetes Mellitus Tipo 1 (DM1) e 30,7% Diabetes Mellitus Tipo 2 (DM2). O grupo com mais jovens, com DM1, mostrou-se mais suscet\u00edvel a apresentar sintomas da covid-19, embora n\u00e3o tenham sido testados.<\/p>\n\n\n\n<p>O grupo com DM2 demonstrou maior propens\u00e3o a relatar comorbidades, que s\u00e3o fatores de risco que elevam as chances de agravamento da doen\u00e7a causada pelo novo coronav\u00edrus, como hipertens\u00e3o arterial, obesidade. Constatou-se que 95% dos entrevistados realizaram isolamento social e 27% n\u00e3o sa\u00edram de casa ap\u00f3s o in\u00edcio da pandemia.<\/p>\n\n\n\n<p>Os dados surpreenderam o pesquisador. \u201cAqueles indicando que essas pessoas estavam realmente seguindo as orienta\u00e7\u00f5es para ficar em casa, mas, ao mesmo tempo, j\u00e1 no in\u00edcio da pandemia, quase 60% observaram altera\u00e7\u00e3o da glicemia [31,2% com aumento da variabilidade da glicemia, 20% aumento dos n\u00edveis e 8,2% com redu\u00e7\u00e3o]. Outro dado surpreendente foi o baixo n\u00famero de testes nessas pessoas quando apresentavam sintomas da covid-19, mesmo sabendo que diabetes \u00e9 um dos principais fatores de risco para agravamento da doen\u00e7a\u201d, disse.<\/p>\n\n\n\n<p>De acordo com o estudo, 91,5% das pessoas mantiveram a rotina de monitoriza\u00e7\u00e3o da glicemia em casa. A partir desse acompanhamento, constatou-se que 59,4% apresentaram varia\u00e7\u00f5es (8% observou hipoglicemia, 20% hiperglicemia e 31,2% grande variabilidade, em compara\u00e7\u00e3o ao per\u00edodo anterior \u00e0 pandemia). Segundo os dados, pessoas que utilizam servi\u00e7os p\u00fablicos de sa\u00fade relataram mais epis\u00f3dios de hiperglicemia. Usu\u00e1rios do sistema privado apontaram maior estabilidade nos \u00edndices de glicemia.<\/p>\n\n\n\n<p>A pesquisa foi publicada no peri\u00f3dico cient\u00edfico<a href=\"https:\/\/www.sciencedirect.com\/science\/article\/pii\/S0168822720305568\" target=\"_blank\" rel=\"noreferrer noopener\">&nbsp;Diabetes Research and Clinical Practice<\/a>, que publicou uma edi\u00e7\u00e3o especial com trabalhos realizados sobre covid-19 em v\u00e1rios pa\u00edses, inclusive esta, do Brasil.<\/p>\n","protected":false},"excerpt":{"rendered":"<p>Assim que foi decretada a quarentena em S\u00e3o Paulo, o aposentado de 87 anos Antonio Fernandez foi passar o per\u00edodo de isolamento com a filha&hellip; <\/p>\n","protected":false},"author":2,"featured_media":176118,"comment_status":"closed","ping_status":"closed","sticky":false,"template":"","format":"standard","meta":{"sfsi_plus_gutenberg_text_before_share":"","sfsi_plus_gutenberg_show_text_before_share":"","sfsi_plus_gutenberg_icon_type":"","sfsi_plus_gutenberg_icon_alignemt":"","sfsi_plus_gutenburg_max_per_row":"","footnotes":""},"categories":[16],"tags":[],"class_list":["post-181696","post","type-post","status-publish","format-standard","has-post-thumbnail","hentry","category-saude"],"_links":{"self":[{"href":"https:\/\/www.caririemacao.com\/1\/wp-json\/wp\/v2\/posts\/181696","targetHints":{"allow":["GET"]}}],"collection":[{"href":"https:\/\/www.caririemacao.com\/1\/wp-json\/wp\/v2\/posts"}],"about":[{"href":"https:\/\/www.caririemacao.com\/1\/wp-json\/wp\/v2\/types\/post"}],"author":[{"embeddable":true,"href":"https:\/\/www.caririemacao.com\/1\/wp-json\/wp\/v2\/users\/2"}],"replies":[{"embeddable":true,"href":"https:\/\/www.caririemacao.com\/1\/wp-json\/wp\/v2\/comments?post=181696"}],"version-history":[{"count":1,"href":"https:\/\/www.caririemacao.com\/1\/wp-json\/wp\/v2\/posts\/181696\/revisions"}],"predecessor-version":[{"id":181697,"href":"https:\/\/www.caririemacao.com\/1\/wp-json\/wp\/v2\/posts\/181696\/revisions\/181697"}],"wp:featuredmedia":[{"embeddable":true,"href":"https:\/\/www.caririemacao.com\/1\/wp-json\/wp\/v2\/media\/176118"}],"wp:attachment":[{"href":"https:\/\/www.caririemacao.com\/1\/wp-json\/wp\/v2\/media?parent=181696"}],"wp:term":[{"taxonomy":"category","embeddable":true,"href":"https:\/\/www.caririemacao.com\/1\/wp-json\/wp\/v2\/categories?post=181696"},{"taxonomy":"post_tag","embeddable":true,"href":"https:\/\/www.caririemacao.com\/1\/wp-json\/wp\/v2\/tags?post=181696"}],"curies":[{"name":"wp","href":"https:\/\/api.w.org\/{rel}","templated":true}]}}