{"id":181701,"date":"2020-08-02T19:25:40","date_gmt":"2020-08-02T22:25:40","guid":{"rendered":"https:\/\/www.caririemacao.com\/1\/?p=181701"},"modified":"2020-08-02T22:04:50","modified_gmt":"2020-08-03T01:04:50","slug":"acidente-de-motos-deixam-03-vitimas-em-estado-grave-em-monteiro","status":"publish","type":"post","link":"https:\/\/www.caririemacao.com\/1\/2020\/08\/02\/acidente-de-motos-deixam-03-vitimas-em-estado-grave-em-monteiro\/","title":{"rendered":"Acidente de motos deixa 03 v\u00edtimas em estado grave em Monteiro"},"content":{"rendered":"\n<p>Na tarde deste domingo, dia 02, um grave acidente envolvendo duas motos foi registrado. O acidente aconteceu na estrada de Zabel\u00ea, pr\u00f3ximo a Monteiro.<\/p>\n\n\n\n<figure class=\"wp-block-image size-large\"><img fetchpriority=\"high\" decoding=\"async\" width=\"768\" height=\"1024\" src=\"https:\/\/www.caririemacao.com\/1\/wp-content\/uploads\/2020\/08\/IMG-20200802-WA0198-768x1024.jpg\" alt=\"\" class=\"wp-image-181703\" srcset=\"https:\/\/www.caririemacao.com\/1\/wp-content\/uploads\/2020\/08\/IMG-20200802-WA0198-768x1024.jpg 768w, https:\/\/www.caririemacao.com\/1\/wp-content\/uploads\/2020\/08\/IMG-20200802-WA0198-225x300.jpg 225w, https:\/\/www.caririemacao.com\/1\/wp-content\/uploads\/2020\/08\/IMG-20200802-WA0198.jpg 960w\" sizes=\"(max-width: 768px) 100vw, 768px\" \/><\/figure>\n\n\n\n<p>Mas motos estavam tr\u00eas homens que ficaram gravemente feridos. Uma das v\u00edtimas foi socorrido imediatamente por um popular que passava no momento. De acordo com as informa\u00e7\u00f5es, ele estava com fratura exposta na perna.<br>As outras duas v\u00edtimas estava muito grave. Eles foram socorridos para o hospital Santa Filomena pelo SAMU.<\/p>\n\n\n\n<p>Das tr\u00eas vitimas envolvidas no acidente, o senhor Manoel Dorgival da Silva de 51 anose est\u00e1 na ala verde e passa bem. Os outros dois, Jos\u00e9 Edson Soares da Silva de 22 anos e Valmir Ferreira de 34 anos est\u00e3o sendo encaminhados para Campina Grande. Eles est\u00e3o estado grave.<\/p>\n","protected":false},"excerpt":{"rendered":"<p>Na tarde deste domingo, dia 02, um grave acidente envolvendo duas motos foi registrado. O acidente aconteceu na estrada de Zabel\u00ea, pr\u00f3ximo a Monteiro. Mas&hellip; <\/p>\n","protected":false},"author":2,"featured_media":181702,"comment_status":"closed","ping_status":"closed","sticky":false,"template":"","format":"standard","meta":{"sfsi_plus_gutenberg_text_before_share":"","sfsi_plus_gutenberg_show_text_before_share":"","sfsi_plus_gutenberg_icon_type":"","sfsi_plus_gutenberg_icon_alignemt":"","sfsi_plus_gutenburg_max_per_row":"","footnotes":""},"categories":[50,12],"tags":[],"class_list":["post-181701","post","type-post","status-publish","format-standard","has-post-thumbnail","hentry","category-destaque","category-policia"],"_links":{"self":[{"href":"https:\/\/www.caririemacao.com\/1\/wp-json\/wp\/v2\/posts\/181701","targetHints":{"allow":["GET"]}}],"collection":[{"href":"https:\/\/www.caririemacao.com\/1\/wp-json\/wp\/v2\/posts"}],"about":[{"href":"https:\/\/www.caririemacao.com\/1\/wp-json\/wp\/v2\/types\/post"}],"author":[{"embeddable":true,"href":"https:\/\/www.caririemacao.com\/1\/wp-json\/wp\/v2\/users\/2"}],"replies":[{"embeddable":true,"href":"https:\/\/www.caririemacao.com\/1\/wp-json\/wp\/v2\/comments?post=181701"}],"version-history":[{"count":5,"href":"https:\/\/www.caririemacao.com\/1\/wp-json\/wp\/v2\/posts\/181701\/revisions"}],"predecessor-version":[{"id":181711,"href":"https:\/\/www.caririemacao.com\/1\/wp-json\/wp\/v2\/posts\/181701\/revisions\/181711"}],"wp:featuredmedia":[{"embeddable":true,"href":"https:\/\/www.caririemacao.com\/1\/wp-json\/wp\/v2\/media\/181702"}],"wp:attachment":[{"href":"https:\/\/www.caririemacao.com\/1\/wp-json\/wp\/v2\/media?parent=181701"}],"wp:term":[{"taxonomy":"category","embeddable":true,"href":"https:\/\/www.caririemacao.com\/1\/wp-json\/wp\/v2\/categories?post=181701"},{"taxonomy":"post_tag","embeddable":true,"href":"https:\/\/www.caririemacao.com\/1\/wp-json\/wp\/v2\/tags?post=181701"}],"curies":[{"name":"wp","href":"https:\/\/api.w.org\/{rel}","templated":true}]}}