{"id":181707,"date":"2020-08-02T21:58:28","date_gmt":"2020-08-03T00:58:28","guid":{"rendered":"https:\/\/www.caririemacao.com\/1\/?p=181707"},"modified":"2020-08-02T21:58:28","modified_gmt":"2020-08-03T00:58:28","slug":"policia-militar-realiza-operacao-cidade-segura-no-cariri-paraibano-3","status":"publish","type":"post","link":"https:\/\/www.caririemacao.com\/1\/2020\/08\/02\/policia-militar-realiza-operacao-cidade-segura-no-cariri-paraibano-3\/","title":{"rendered":"Pol\u00edcia Militar realiza &#8220;Opera\u00e7\u00e3o Cidade Segura&#8221; no Cariri Paraibano"},"content":{"rendered":"\n<p>A Opera\u00e7\u00e3o est\u00e1 sendo realizada por Policiais do 11\u00ba Batalh\u00e3o de Pol\u00edcia Militar com o objetivo de refor\u00e7ar a ostensividade nas \u00e1reas urbanas das cidades do cariri, onde s\u00e3o realizados Checkpoints com rondas e abordagens nas \u00e1reas de maior circula\u00e7\u00e3o de pessoas, em v\u00e1rios bairros da cidade e com curtos intervalos de tempo, de modo a abranger o m\u00e1ximo de \u00e1rea policiada poss\u00edvel.<\/p>\n\n\n\n<p>Em Monteiro, por volta das 21h48min do s\u00e1bado (01), policiais do 11\u00ba Batalh\u00e3o recolheram para o p\u00e1tio da 7\u00aa Ciretran, uma moto CG 150 TITAN que transitava pelas ruas de Monteiro com diversas irregularidades.<\/p>\n\n\n\n<p>Em Monteiro, por volta das 15h10min do domingo dia (02), um homem de 25 anos de idade pilotando uma motocicleta, ao avistar a viatura empreendeu fuga em alta velocidade, realizando manobras arriscadas, o mesmo perdeu o controle da moto e caiu. Policiais ao abordarem o condutor, notaram vis\u00edveis altera\u00e7\u00f5es psicomotoras, o mesmo confessou ter ingerido bebida alco\u00f3lica e foi conduzido para a Delegacia de Pol\u00edcia Civil de Monteiro.<\/p>\n\n\n\n<p><em>11\u00ba BPM \u2013 Batalh\u00e3o 1\u00ba SGT Ylton Sales Silva<\/em><br><em>Se\u00e7\u00e3o de Comunica\u00e7\u00e3o Social e Marketing Institucional do 11\u00ba BPM<\/em><\/p>\n","protected":false},"excerpt":{"rendered":"<p>A Opera\u00e7\u00e3o est\u00e1 sendo realizada por Policiais do 11\u00ba Batalh\u00e3o de Pol\u00edcia Militar com o objetivo de refor\u00e7ar a ostensividade nas \u00e1reas urbanas das cidades&hellip; <\/p>\n","protected":false},"author":2,"featured_media":181708,"comment_status":"closed","ping_status":"closed","sticky":false,"template":"","format":"standard","meta":{"sfsi_plus_gutenberg_text_before_share":"","sfsi_plus_gutenberg_show_text_before_share":"","sfsi_plus_gutenberg_icon_type":"","sfsi_plus_gutenberg_icon_alignemt":"","sfsi_plus_gutenburg_max_per_row":"","footnotes":""},"categories":[50,12],"tags":[],"class_list":["post-181707","post","type-post","status-publish","format-standard","has-post-thumbnail","hentry","category-destaque","category-policia"],"_links":{"self":[{"href":"https:\/\/www.caririemacao.com\/1\/wp-json\/wp\/v2\/posts\/181707","targetHints":{"allow":["GET"]}}],"collection":[{"href":"https:\/\/www.caririemacao.com\/1\/wp-json\/wp\/v2\/posts"}],"about":[{"href":"https:\/\/www.caririemacao.com\/1\/wp-json\/wp\/v2\/types\/post"}],"author":[{"embeddable":true,"href":"https:\/\/www.caririemacao.com\/1\/wp-json\/wp\/v2\/users\/2"}],"replies":[{"embeddable":true,"href":"https:\/\/www.caririemacao.com\/1\/wp-json\/wp\/v2\/comments?post=181707"}],"version-history":[{"count":1,"href":"https:\/\/www.caririemacao.com\/1\/wp-json\/wp\/v2\/posts\/181707\/revisions"}],"predecessor-version":[{"id":181709,"href":"https:\/\/www.caririemacao.com\/1\/wp-json\/wp\/v2\/posts\/181707\/revisions\/181709"}],"wp:featuredmedia":[{"embeddable":true,"href":"https:\/\/www.caririemacao.com\/1\/wp-json\/wp\/v2\/media\/181708"}],"wp:attachment":[{"href":"https:\/\/www.caririemacao.com\/1\/wp-json\/wp\/v2\/media?parent=181707"}],"wp:term":[{"taxonomy":"category","embeddable":true,"href":"https:\/\/www.caririemacao.com\/1\/wp-json\/wp\/v2\/categories?post=181707"},{"taxonomy":"post_tag","embeddable":true,"href":"https:\/\/www.caririemacao.com\/1\/wp-json\/wp\/v2\/tags?post=181707"}],"curies":[{"name":"wp","href":"https:\/\/api.w.org\/{rel}","templated":true}]}}